{"id":322429,"date":"2025-06-02T15:33:05","date_gmt":"2025-06-02T12:33:05","guid":{"rendered":"https:\/\/sana.sy\/tr\/?p=322429"},"modified":"2025-06-03T16:44:51","modified_gmt":"2025-06-03T13:44:51","slug":"cumhurbaskani-el-sara-kuveyt-emirine-tesekkur-mesaji-gonderdi","status":"publish","type":"post","link":"https:\/\/archive.sana.sy\/tr\/?p=322429","title":{"rendered":"Cumhurba\u015fkan\u0131 El-\u015eara, Kuveyt Emiri&#8217;ne Te\u015fekk\u00fcr Mesaj\u0131 G\u00f6nderdi"},"content":{"rendered":"<p style=\"text-align: justify;\"><strong><span style=\"color: #ff0000;\">\u015eAM (SANA)<\/span> &#8211; \u00a0<\/strong>Suriye Cumhurba\u015fkan\u0131 Say\u0131n Ahmed El \u015eara, Kuveyt ziyaretini tamamlad\u0131ktan sonra \u015fu mesaj\u0131 g\u00f6nderdi:<\/p>\n<p style=\"text-align: justify;\">\u2018\u2019Karde\u015fim, Kuveyt Devleti Emiri Hazretleri \u015eeyh Me\u015fal El Ahmed El Cabir El Sabah&#8217;a, iki \u00fclke ve iki karde\u015f halk\u0131m\u0131z aras\u0131ndaki karde\u015f\u00e7e ili\u015fkilerin derinli\u011fini yans\u0131tan s\u0131cak kar\u015f\u0131lama ve c\u00f6mert misafirperverli\u011fi i\u00e7in i\u00e7ten te\u015fekk\u00fcrlerimi ve takdirlerimi sunuyorum.<\/p>\n<p style=\"text-align: justify;\">Bu ziyaret, Suriye ve Kuveyt aras\u0131ndaki i\u015fbirli\u011fini geli\u015ftirme ve b\u00f6lgenin kar\u015f\u0131 kar\u015f\u0131ya oldu\u011fu zorluklar\u0131 ele almak i\u00e7in Arap birli\u011fini yeniden teyit etme ortak arzusunu somutla\u015ft\u0131rd\u0131. Ayr\u0131ca, ikili ili\u015fkileri peki\u015ftirme ve \u00e7e\u015fitli alanlarda koordinasyon ve entegrasyon sa\u011flama y\u00f6n\u00fcnde \u00f6nemli bir ad\u0131m\u0131 temsil ediyor.<\/p>\n<p style=\"text-align: justify;\">Suriye&#8217;nin, iki halk\u0131m\u0131z\u0131n kalk\u0131nma ve ilerleme \u00f6zlemlerini ger\u00e7ekle\u015ftirmek ve Arap i\u015fbirli\u011fi ve dayan\u0131\u015fma ba\u011flar\u0131n\u0131 g\u00fc\u00e7lendirmek i\u00e7in karde\u015f Kuveyt Devleti ile \u00e7al\u0131\u015fma taahh\u00fcd\u00fcn\u00fc yeniden teyit ediyorum.<\/p>\n<p style=\"text-align: justify;\">Kuveyt&#8217;ten, ulusumuzun davalar\u0131n\u0131n, en \u00f6nemlisi de istikrar ve yeniden yap\u0131lanma yolunda Suriye halk\u0131n\u0131 desteklemek olan, sad\u0131k bir Arap destek\u00e7isi olan ve olmaya devam edecek olan bu sevgili \u00fclkeye kar\u015f\u0131 takdir ve sevgi duygular\u0131yla ayr\u0131l\u0131yorum.<\/p>\n<p style=\"text-align: justify;\">Suriye, Arap karde\u015flerine her zaman a\u00e7\u0131k kalacak ve ulusun, g\u00fcvenli\u011finin ve istikrar\u0131n\u0131n iyili\u011fi i\u00e7in i\u015f birli\u011fi ve yak\u0131nla\u015fma k\u00f6pr\u00fcleri kurmaya haz\u0131r olacakt\u0131r.\u2019\u2019<\/p>\n","protected":false},"excerpt":{"rendered":"<p>\u015eAM (SANA) &#8211; \u00a0Suriye Cumhurba\u015fkan\u0131 Say\u0131n Ahmed El \u015eara, Kuveyt ziyaretini tamamlad\u0131ktan sonra \u015fu mesaj\u0131 g\u00f6nderdi: \u2018\u2019Karde\u015fim, Kuveyt Devleti Emiri Hazretleri \u015eeyh Me\u015fal El Ahmed El Cabir El Sabah&#8217;a, iki \u00fclke ve iki karde\u015f halk\u0131m\u0131z aras\u0131ndaki karde\u015f\u00e7e ili\u015fkilerin derinli\u011fini yans\u0131tan s\u0131cak kar\u015f\u0131lama ve c\u00f6mert misafirperverli\u011fi i\u00e7in i\u00e7ten te\u015fekk\u00fcrlerimi ve takdirlerimi sunuyorum. Bu ziyaret, Suriye ve &hellip;<\/p>\n","protected":false},"author":41,"featured_media":322430,"comment_status":"closed","ping_status":"closed","sticky":false,"template":"","format":"standard","meta":{"footnotes":""},"categories":[606,589,605,17988],"tags":[],"class_list":["post-322429","post","type-post","status-publish","format-standard","has-post-thumbnail","","category-cumhurbaskani","category-haber-seridi","category-sayin-cumhurbaskani","category-son-haberler"],"_links":{"self":[{"href":"https:\/\/archive.sana.sy\/tr\/index.php?rest_route=\/wp\/v2\/posts\/322429","targetHints":{"allow":["GET"]}}],"collection":[{"href":"https:\/\/archive.sana.sy\/tr\/index.php?rest_route=\/wp\/v2\/posts"}],"about":[{"href":"https:\/\/archive.sana.sy\/tr\/index.php?rest_route=\/wp\/v2\/types\/post"}],"author":[{"embeddable":true,"href":"https:\/\/archive.sana.sy\/tr\/index.php?rest_route=\/wp\/v2\/users\/41"}],"replies":[{"embeddable":true,"href":"https:\/\/archive.sana.sy\/tr\/index.php?rest_route=%2Fwp%2Fv2%2Fcomments&post=322429"}],"version-history":[{"count":1,"href":"https:\/\/archive.sana.sy\/tr\/index.php?rest_route=\/wp\/v2\/posts\/322429\/revisions"}],"predecessor-version":[{"id":322431,"href":"https:\/\/archive.sana.sy\/tr\/index.php?rest_route=\/wp\/v2\/posts\/322429\/revisions\/322431"}],"wp:featuredmedia":[{"embeddable":true,"href":"https:\/\/archive.sana.sy\/tr\/index.php?rest_route=\/wp\/v2\/media\/322430"}],"wp:attachment":[{"href":"https:\/\/archive.sana.sy\/tr\/index.php?rest_route=%2Fwp%2Fv2%2Fmedia&parent=322429"}],"wp:term":[{"taxonomy":"category","embeddable":true,"href":"https:\/\/archive.sana.sy\/tr\/index.php?rest_route=%2Fwp%2Fv2%2Fcategories&post=322429"},{"taxonomy":"post_tag","embeddable":true,"href":"https:\/\/archive.sana.sy\/tr\/index.php?rest_route=%2Fwp%2Fv2%2Ftags&post=322429"}],"curies":[{"name":"wp","href":"https:\/\/api.w.org\/{rel}","templated":true}]}}