{"id":322432,"date":"2025-06-02T18:01:00","date_gmt":"2025-06-02T15:01:00","guid":{"rendered":"https:\/\/sana.sy\/tr\/?p=322432"},"modified":"2025-06-03T17:28:26","modified_gmt":"2025-06-03T14:28:26","slug":"disisleri-bakani-asaad-el-seybani-pakistan-heyetiyle-gorustu","status":"publish","type":"post","link":"https:\/\/archive.sana.sy\/tr\/?p=322432","title":{"rendered":"D\u0131\u015fi\u015fleri Bakan\u0131 Asaad El \u015eeybani \u00a0Pakistan Heyetiyle G\u00f6r\u00fc\u015ft\u00fc"},"content":{"rendered":"<p style=\"text-align: justify;\"><span style=\"color: #ff0000;\"><strong>\u015eAM (SANA) &#8211;<\/strong><\/span> \u00a0D\u0131\u015fi\u015fleri ve Gurbet\u00e7iler Bakan\u0131 Asaad El \u015eeybani, Orta Do\u011fu \u0130\u015fleri D\u0131\u015fi\u015fleri Bakan Yard\u0131mc\u0131s\u0131 Shahryar Akbar Khan ba\u015fkanl\u0131\u011f\u0131ndaki Pakistan heyetiyle \u015eam&#8217;da bir araya geldi.<\/p>\n<p style=\"text-align: justify;\">G\u00f6r\u00fc\u015fmede, ortak ilgi alan\u0131na giren b\u00f6lgesel ve uluslararas\u0131 konularda g\u00f6r\u00fc\u015f al\u0131\u015fveri\u015finde bulunulurken, taraflar iki \u00fclke aras\u0131ndaki i\u015fbirli\u011finin geli\u015ftirilmesi y\u00f6n\u00fcndeki kararl\u0131l\u0131klar\u0131n\u0131 dile getirdiler.<\/p>\n<div id='gallery-1' class='gallery galleryid-322432 gallery-columns-1 gallery-size-full'><figure class='gallery-item'>\n\t\t\t<div class='gallery-icon landscape'>\n\t\t\t\t<a href='https:\/\/archive.sana.sy\/tr\/?attachment_id=322435'><img loading=\"lazy\" decoding=\"async\" width=\"2560\" height=\"1441\" src=\"https:\/\/archive.sana.sy\/tr\/wp-content\/uploads\/2025\/06\/photo_2025-06-02_17-02-02.jpg\" class=\"attachment-full size-full\" alt=\"\" srcset=\"https:\/\/archive.sana.sy\/tr\/wp-content\/uploads\/2025\/06\/photo_2025-06-02_17-02-02.jpg 2560w, https:\/\/archive.sana.sy\/tr\/wp-content\/uploads\/2025\/06\/photo_2025-06-02_17-02-02-300x169.jpg 300w, https:\/\/archive.sana.sy\/tr\/wp-content\/uploads\/2025\/06\/photo_2025-06-02_17-02-02-1024x576.jpg 1024w, https:\/\/archive.sana.sy\/tr\/wp-content\/uploads\/2025\/06\/photo_2025-06-02_17-02-02-768x432.jpg 768w, https:\/\/archive.sana.sy\/tr\/wp-content\/uploads\/2025\/06\/photo_2025-06-02_17-02-02-1536x865.jpg 1536w, https:\/\/archive.sana.sy\/tr\/wp-content\/uploads\/2025\/06\/photo_2025-06-02_17-02-02-2048x1153.jpg 2048w\" sizes=\"auto, (max-width: 2560px) 100vw, 2560px\" \/><\/a>\n\t\t\t<\/div><\/figure><figure class='gallery-item'>\n\t\t\t<div class='gallery-icon landscape'>\n\t\t\t\t<a href='https:\/\/archive.sana.sy\/tr\/?attachment_id=322434'><img loading=\"lazy\" decoding=\"async\" width=\"2560\" height=\"1480\" src=\"https:\/\/archive.sana.sy\/tr\/wp-content\/uploads\/2025\/06\/photo_2025-06-02_17-02-03.jpg\" class=\"attachment-full size-full\" alt=\"\" srcset=\"https:\/\/archive.sana.sy\/tr\/wp-content\/uploads\/2025\/06\/photo_2025-06-02_17-02-03.jpg 2560w, https:\/\/archive.sana.sy\/tr\/wp-content\/uploads\/2025\/06\/photo_2025-06-02_17-02-03-300x173.jpg 300w, https:\/\/archive.sana.sy\/tr\/wp-content\/uploads\/2025\/06\/photo_2025-06-02_17-02-03-1024x592.jpg 1024w, https:\/\/archive.sana.sy\/tr\/wp-content\/uploads\/2025\/06\/photo_2025-06-02_17-02-03-768x444.jpg 768w, https:\/\/archive.sana.sy\/tr\/wp-content\/uploads\/2025\/06\/photo_2025-06-02_17-02-03-1536x888.jpg 1536w, https:\/\/archive.sana.sy\/tr\/wp-content\/uploads\/2025\/06\/photo_2025-06-02_17-02-03-2048x1184.jpg 2048w\" sizes=\"auto, (max-width: 2560px) 100vw, 2560px\" \/><\/a>\n\t\t\t<\/div><\/figure>\n\t\t<\/div>\n\n","protected":false},"excerpt":{"rendered":"<p>\u015eAM (SANA) &#8211; \u00a0D\u0131\u015fi\u015fleri ve Gurbet\u00e7iler Bakan\u0131 Asaad El \u015eeybani, Orta Do\u011fu \u0130\u015fleri D\u0131\u015fi\u015fleri Bakan Yard\u0131mc\u0131s\u0131 Shahryar Akbar Khan ba\u015fkanl\u0131\u011f\u0131ndaki Pakistan heyetiyle \u015eam&#8217;da bir araya geldi. G\u00f6r\u00fc\u015fmede, ortak ilgi alan\u0131na giren b\u00f6lgesel ve uluslararas\u0131 konularda g\u00f6r\u00fc\u015f al\u0131\u015fveri\u015finde bulunulurken, taraflar iki \u00fclke aras\u0131ndaki i\u015fbirli\u011finin geli\u015ftirilmesi y\u00f6n\u00fcndeki kararl\u0131l\u0131klar\u0131n\u0131 dile getirdiler.<\/p>\n","protected":false},"author":41,"featured_media":322433,"comment_status":"closed","ping_status":"closed","sticky":false,"template":"","format":"standard","meta":{"footnotes":""},"categories":[589,479,17988,478],"tags":[],"class_list":["post-322432","post","type-post","status-publish","format-standard","has-post-thumbnail","","category-haber-seridi","category-haberler-yerel","category-son-haberler","category-yerel"],"_links":{"self":[{"href":"https:\/\/archive.sana.sy\/tr\/index.php?rest_route=\/wp\/v2\/posts\/322432","targetHints":{"allow":["GET"]}}],"collection":[{"href":"https:\/\/archive.sana.sy\/tr\/index.php?rest_route=\/wp\/v2\/posts"}],"about":[{"href":"https:\/\/archive.sana.sy\/tr\/index.php?rest_route=\/wp\/v2\/types\/post"}],"author":[{"embeddable":true,"href":"https:\/\/archive.sana.sy\/tr\/index.php?rest_route=\/wp\/v2\/users\/41"}],"replies":[{"embeddable":true,"href":"https:\/\/archive.sana.sy\/tr\/index.php?rest_route=%2Fwp%2Fv2%2Fcomments&post=322432"}],"version-history":[{"count":2,"href":"https:\/\/archive.sana.sy\/tr\/index.php?rest_route=\/wp\/v2\/posts\/322432\/revisions"}],"predecessor-version":[{"id":322504,"href":"https:\/\/archive.sana.sy\/tr\/index.php?rest_route=\/wp\/v2\/posts\/322432\/revisions\/322504"}],"wp:featuredmedia":[{"embeddable":true,"href":"https:\/\/archive.sana.sy\/tr\/index.php?rest_route=\/wp\/v2\/media\/322433"}],"wp:attachment":[{"href":"https:\/\/archive.sana.sy\/tr\/index.php?rest_route=%2Fwp%2Fv2%2Fmedia&parent=322432"}],"wp:term":[{"taxonomy":"category","embeddable":true,"href":"https:\/\/archive.sana.sy\/tr\/index.php?rest_route=%2Fwp%2Fv2%2Fcategories&post=322432"},{"taxonomy":"post_tag","embeddable":true,"href":"https:\/\/archive.sana.sy\/tr\/index.php?rest_route=%2Fwp%2Fv2%2Ftags&post=322432"}],"curies":[{"name":"wp","href":"https:\/\/api.w.org\/{rel}","templated":true}]}}