{"id":322437,"date":"2025-06-02T18:16:01","date_gmt":"2025-06-02T15:16:01","guid":{"rendered":"https:\/\/sana.sy\/tr\/?p=322437"},"modified":"2025-06-02T18:16:01","modified_gmt":"2025-06-02T15:16:01","slug":"kuveyt-disisleri-bakani-korfez-ulkeleri-suriyeye-ortak-yardim-planliyor","status":"publish","type":"post","link":"https:\/\/archive.sana.sy\/tr\/?p=322437","title":{"rendered":"Kuveyt D\u0131\u015fi\u015fleri Bakan\u0131: K\u00f6rfez \u00dclkeleri Suriye&#8217;ye Ortak Yard\u0131m Planl\u0131yor"},"content":{"rendered":"<p style=\"text-align: justify;\"><span style=\"color: #ff0000;\"><strong>KUVEYT (SANA)<\/strong> <\/span>&#8211;\u00a0 Kuveyt D\u0131\u015fi\u015fleri Bakan\u0131 Abdullah Ali El Yahya, K\u00f6rfez \u00fclkelerinin Suriye&#8217;ye ortak yard\u0131m etmeyi ve oradaki siyasi ve ekonomik durumu istikrara kavu\u015fturmay\u0131 ama\u00e7layan t\u00fcm \u00e7abalar\u0131 desteklemeyi planlad\u0131klar\u0131n\u0131 do\u011frulad\u0131.<\/p>\n<p style=\"text-align: justify;\">Bug\u00fcn K\u00f6rfez \u0130\u015fbirli\u011fi Konseyi (GCC) Genel Sekreteri Casim El Badivi ile yapt\u0131\u011f\u0131 bas\u0131n toplant\u0131s\u0131nda El Yahya, Konseyin Suriye&#8217;deki olumlu geli\u015fmelere deste\u011fini yeniledi\u011fini, karde\u015f Suriye halk\u0131n\u0131n \u00f6zlemlerini ger\u00e7ekle\u015ftirmek i\u00e7in g\u00fcvenli\u011fini ve istikrar\u0131n\u0131 art\u0131rmay\u0131 ama\u00e7lad\u0131\u011f\u0131n\u0131 belirtti.<\/p>\n<p style=\"text-align: justify;\">El Yahya ayr\u0131ca, Konseyin Cumhurba\u015fkan\u0131 Ahmed El \u015eara&#8217;n\u0131n Kuveyt ziyaretinin sonu\u00e7lar\u0131n\u0131 ve \u00fclkenin Emiri \u015eeyh Me\u015fal El Ahmed El Cabir El Sabah ile yapt\u0131\u011f\u0131 g\u00f6r\u00fc\u015fmeyi \u00f6vd\u00fc\u011f\u00fcn\u00fc ve K\u00f6rfez \u00fclkelerinin Suriye&#8217;ye ortak yard\u0131m planlad\u0131\u011f\u0131n\u0131 a\u00e7\u0131klad\u0131.<\/p>\n<p style=\"text-align: justify;\">Kuveyt D\u0131\u015fi\u015fleri Bakan\u0131, Kuveyt&#8217;teki Suriye b\u00fcy\u00fckel\u00e7ili\u011finin yak\u0131nda yeniden a\u00e7\u0131lmas\u0131n\u0131n planland\u0131\u011f\u0131n\u0131 da kaydetti.<\/p>\n","protected":false},"excerpt":{"rendered":"<p>KUVEYT (SANA) &#8211;\u00a0 Kuveyt D\u0131\u015fi\u015fleri Bakan\u0131 Abdullah Ali El Yahya, K\u00f6rfez \u00fclkelerinin Suriye&#8217;ye ortak yard\u0131m etmeyi ve oradaki siyasi ve ekonomik durumu istikrara kavu\u015fturmay\u0131 ama\u00e7layan t\u00fcm \u00e7abalar\u0131 desteklemeyi planlad\u0131klar\u0131n\u0131 do\u011frulad\u0131. Bug\u00fcn K\u00f6rfez \u0130\u015fbirli\u011fi Konseyi (GCC) Genel Sekreteri Casim El Badivi ile yapt\u0131\u011f\u0131 bas\u0131n toplant\u0131s\u0131nda El Yahya, Konseyin Suriye&#8217;deki olumlu geli\u015fmelere deste\u011fini yeniledi\u011fini, karde\u015f Suriye halk\u0131n\u0131n &hellip;<\/p>\n","protected":false},"author":41,"featured_media":322438,"comment_status":"closed","ping_status":"closed","sticky":false,"template":"","format":"standard","meta":{"footnotes":""},"categories":[458,589,459,17988],"tags":[],"class_list":["post-322437","post","type-post","status-publish","format-standard","has-post-thumbnail","","category-dunya1","category-haber-seridi","category-haberler-arap-uluslararasi-politika","category-son-haberler"],"_links":{"self":[{"href":"https:\/\/archive.sana.sy\/tr\/index.php?rest_route=\/wp\/v2\/posts\/322437","targetHints":{"allow":["GET"]}}],"collection":[{"href":"https:\/\/archive.sana.sy\/tr\/index.php?rest_route=\/wp\/v2\/posts"}],"about":[{"href":"https:\/\/archive.sana.sy\/tr\/index.php?rest_route=\/wp\/v2\/types\/post"}],"author":[{"embeddable":true,"href":"https:\/\/archive.sana.sy\/tr\/index.php?rest_route=\/wp\/v2\/users\/41"}],"replies":[{"embeddable":true,"href":"https:\/\/archive.sana.sy\/tr\/index.php?rest_route=%2Fwp%2Fv2%2Fcomments&post=322437"}],"version-history":[{"count":1,"href":"https:\/\/archive.sana.sy\/tr\/index.php?rest_route=\/wp\/v2\/posts\/322437\/revisions"}],"predecessor-version":[{"id":322439,"href":"https:\/\/archive.sana.sy\/tr\/index.php?rest_route=\/wp\/v2\/posts\/322437\/revisions\/322439"}],"wp:featuredmedia":[{"embeddable":true,"href":"https:\/\/archive.sana.sy\/tr\/index.php?rest_route=\/wp\/v2\/media\/322438"}],"wp:attachment":[{"href":"https:\/\/archive.sana.sy\/tr\/index.php?rest_route=%2Fwp%2Fv2%2Fmedia&parent=322437"}],"wp:term":[{"taxonomy":"category","embeddable":true,"href":"https:\/\/archive.sana.sy\/tr\/index.php?rest_route=%2Fwp%2Fv2%2Fcategories&post=322437"},{"taxonomy":"post_tag","embeddable":true,"href":"https:\/\/archive.sana.sy\/tr\/index.php?rest_route=%2Fwp%2Fv2%2Ftags&post=322437"}],"curies":[{"name":"wp","href":"https:\/\/api.w.org\/{rel}","templated":true}]}}