{"id":322447,"date":"2025-06-03T08:31:36","date_gmt":"2025-06-03T05:31:36","guid":{"rendered":"https:\/\/sana.sy\/tr\/?p=322447"},"modified":"2025-06-04T15:38:19","modified_gmt":"2025-06-04T12:38:19","slug":"icisleri-bakani-ciddede-suudi-mevkidasiyla-gorustu","status":"publish","type":"post","link":"https:\/\/archive.sana.sy\/tr\/?p=322447","title":{"rendered":"\u0130\u00e7i\u015fleri Bakan\u0131, Cidde&#8217;de Suudi Mevkida\u015f\u0131yla G\u00f6r\u00fc\u015ft\u00fc"},"content":{"rendered":"<p><span style=\"color: #ff0000;\"><strong>C\u0130DDE (SANA) &#8211;<\/strong><\/span>\u00a0 \u0130\u00e7i\u015fleri Bakan\u0131 Enes Hattab, Cidde&#8217;de Suudi Arabistan D\u0131\u015fi\u015fleri Bakan\u0131 Abdulaziz bin Suud ile bir araya gelerek, iki karde\u015f \u00fclke aras\u0131ndaki i\u015f birli\u011finin g\u00fc\u00e7lendirilmesi konusunu ele ald\u0131.<\/p>\n<div id='gallery-1' class='gallery galleryid-322447 gallery-columns-1 gallery-size-full'><figure class='gallery-item'>\n\t\t\t<div class='gallery-icon landscape'>\n\t\t\t\t<a href='https:\/\/archive.sana.sy\/tr\/wp-content\/uploads\/2025\/06\/photo_1_2025-06-02_20-34-35-copy.jpg'><img loading=\"lazy\" decoding=\"async\" width=\"660\" height=\"525\" src=\"https:\/\/archive.sana.sy\/tr\/wp-content\/uploads\/2025\/06\/photo_1_2025-06-02_20-34-35-copy.jpg\" class=\"attachment-full size-full\" alt=\"\" srcset=\"https:\/\/archive.sana.sy\/tr\/wp-content\/uploads\/2025\/06\/photo_1_2025-06-02_20-34-35-copy.jpg 660w, https:\/\/archive.sana.sy\/tr\/wp-content\/uploads\/2025\/06\/photo_1_2025-06-02_20-34-35-copy-300x239.jpg 300w\" sizes=\"auto, (max-width: 660px) 100vw, 660px\" \/><\/a>\n\t\t\t<\/div><\/figure><figure class='gallery-item'>\n\t\t\t<div class='gallery-icon landscape'>\n\t\t\t\t<a href='https:\/\/archive.sana.sy\/tr\/wp-content\/uploads\/2025\/06\/photo_3_2025-06-02_20-34-35-copy.jpg'><img loading=\"lazy\" decoding=\"async\" width=\"660\" height=\"440\" src=\"https:\/\/archive.sana.sy\/tr\/wp-content\/uploads\/2025\/06\/photo_3_2025-06-02_20-34-35-copy.jpg\" class=\"attachment-full size-full\" alt=\"\" srcset=\"https:\/\/archive.sana.sy\/tr\/wp-content\/uploads\/2025\/06\/photo_3_2025-06-02_20-34-35-copy.jpg 660w, https:\/\/archive.sana.sy\/tr\/wp-content\/uploads\/2025\/06\/photo_3_2025-06-02_20-34-35-copy-300x200.jpg 300w\" sizes=\"auto, (max-width: 660px) 100vw, 660px\" \/><\/a>\n\t\t\t<\/div><\/figure><figure class='gallery-item'>\n\t\t\t<div class='gallery-icon landscape'>\n\t\t\t\t<a href='https:\/\/archive.sana.sy\/tr\/wp-content\/uploads\/2025\/06\/photo_4_2025-06-02_20-34-36-copy.jpg'><img loading=\"lazy\" decoding=\"async\" width=\"660\" height=\"452\" src=\"https:\/\/archive.sana.sy\/tr\/wp-content\/uploads\/2025\/06\/photo_4_2025-06-02_20-34-36-copy.jpg\" class=\"attachment-full size-full\" alt=\"\" srcset=\"https:\/\/archive.sana.sy\/tr\/wp-content\/uploads\/2025\/06\/photo_4_2025-06-02_20-34-36-copy.jpg 660w, https:\/\/archive.sana.sy\/tr\/wp-content\/uploads\/2025\/06\/photo_4_2025-06-02_20-34-36-copy-300x205.jpg 300w, https:\/\/archive.sana.sy\/tr\/wp-content\/uploads\/2025\/06\/photo_4_2025-06-02_20-34-36-copy-110x75.jpg 110w\" sizes=\"auto, (max-width: 660px) 100vw, 660px\" \/><\/a>\n\t\t\t<\/div><\/figure><figure class='gallery-item'>\n\t\t\t<div class='gallery-icon landscape'>\n\t\t\t\t<a href='https:\/\/archive.sana.sy\/tr\/wp-content\/uploads\/2025\/06\/photo_5_2025-06-02_20-34-36-copy.jpg'><img loading=\"lazy\" decoding=\"async\" width=\"660\" height=\"440\" src=\"https:\/\/archive.sana.sy\/tr\/wp-content\/uploads\/2025\/06\/photo_5_2025-06-02_20-34-36-copy.jpg\" class=\"attachment-full size-full\" alt=\"\" srcset=\"https:\/\/archive.sana.sy\/tr\/wp-content\/uploads\/2025\/06\/photo_5_2025-06-02_20-34-36-copy.jpg 660w, https:\/\/archive.sana.sy\/tr\/wp-content\/uploads\/2025\/06\/photo_5_2025-06-02_20-34-36-copy-300x200.jpg 300w\" sizes=\"auto, (max-width: 660px) 100vw, 660px\" \/><\/a>\n\t\t\t<\/div><\/figure>\n\t\t<\/div>\n\n","protected":false},"excerpt":{"rendered":"<p>C\u0130DDE (SANA) &#8211;\u00a0 \u0130\u00e7i\u015fleri Bakan\u0131 Enes Hattab, Cidde&#8217;de Suudi Arabistan D\u0131\u015fi\u015fleri Bakan\u0131 Abdulaziz bin Suud ile bir araya gelerek, iki karde\u015f \u00fclke aras\u0131ndaki i\u015f birli\u011finin g\u00fc\u00e7lendirilmesi konusunu ele ald\u0131.<\/p>\n","protected":false},"author":36,"featured_media":322452,"comment_status":"closed","ping_status":"closed","sticky":false,"template":"","format":"standard","meta":{"footnotes":""},"categories":[458,596,589,459,17988],"tags":[],"class_list":["post-322447","post","type-post","status-publish","format-standard","has-post-thumbnail","","category-dunya1","category-fotografli-raporlar","category-haber-seridi","category-haberler-arap-uluslararasi-politika","category-son-haberler"],"_links":{"self":[{"href":"https:\/\/archive.sana.sy\/tr\/index.php?rest_route=\/wp\/v2\/posts\/322447","targetHints":{"allow":["GET"]}}],"collection":[{"href":"https:\/\/archive.sana.sy\/tr\/index.php?rest_route=\/wp\/v2\/posts"}],"about":[{"href":"https:\/\/archive.sana.sy\/tr\/index.php?rest_route=\/wp\/v2\/types\/post"}],"author":[{"embeddable":true,"href":"https:\/\/archive.sana.sy\/tr\/index.php?rest_route=\/wp\/v2\/users\/36"}],"replies":[{"embeddable":true,"href":"https:\/\/archive.sana.sy\/tr\/index.php?rest_route=%2Fwp%2Fv2%2Fcomments&post=322447"}],"version-history":[{"count":1,"href":"https:\/\/archive.sana.sy\/tr\/index.php?rest_route=\/wp\/v2\/posts\/322447\/revisions"}],"predecessor-version":[{"id":322453,"href":"https:\/\/archive.sana.sy\/tr\/index.php?rest_route=\/wp\/v2\/posts\/322447\/revisions\/322453"}],"wp:featuredmedia":[{"embeddable":true,"href":"https:\/\/archive.sana.sy\/tr\/index.php?rest_route=\/wp\/v2\/media\/322452"}],"wp:attachment":[{"href":"https:\/\/archive.sana.sy\/tr\/index.php?rest_route=%2Fwp%2Fv2%2Fmedia&parent=322447"}],"wp:term":[{"taxonomy":"category","embeddable":true,"href":"https:\/\/archive.sana.sy\/tr\/index.php?rest_route=%2Fwp%2Fv2%2Fcategories&post=322447"},{"taxonomy":"post_tag","embeddable":true,"href":"https:\/\/archive.sana.sy\/tr\/index.php?rest_route=%2Fwp%2Fv2%2Ftags&post=322447"}],"curies":[{"name":"wp","href":"https:\/\/api.w.org\/{rel}","templated":true}]}}