{"id":322454,"date":"2025-06-03T08:33:37","date_gmt":"2025-06-03T05:33:37","guid":{"rendered":"https:\/\/sana.sy\/tr\/?p=322454"},"modified":"2025-06-03T08:33:37","modified_gmt":"2025-06-03T05:33:37","slug":"erdogan-suriyedeki-istikrar-bolge-ulkelerine-fayda-sagliyor","status":"publish","type":"post","link":"https:\/\/archive.sana.sy\/tr\/?p=322454","title":{"rendered":"Erdo\u011fan: Suriye&#8217;deki \u0130stikrar B\u00f6lge \u00dclkelerine Fayda Sa\u011fl\u0131yor"},"content":{"rendered":"<p><span style=\"color: #ff0000;\"><strong>ANKARA (SANA) &#8211;<\/strong><\/span>\u00a0 T\u00fcrkiye Cumhurba\u015fkan\u0131 Recep Tayyip Erdo\u011fan, Suriye&#8217;deki istikrar\u0131n kom\u015fular\u0131na ve b\u00f6lge \u00fclkelerine fayda sa\u011flad\u0131\u011f\u0131n\u0131 vurgulayarak, Avrupa Birli\u011fi ve ABD&#8217;nin Suriye&#8217;ye y\u00f6nelik yapt\u0131r\u0131mlar\u0131 kald\u0131rma karar\u0131n\u0131 \u00f6vd\u00fc.<\/p>\n<p>Anadolu Ajans\u0131, Erdo\u011fan&#8217;\u0131n bug\u00fcn Ankara&#8217;da d\u00fczenlenen haftal\u0131k kabine toplant\u0131s\u0131n\u0131n ard\u0131ndan televizyonda yapt\u0131\u011f\u0131 konu\u015fmada \u015funlar\u0131 s\u00f6yledi\u011fini aktard\u0131: &#8221;ABD Ba\u015fkan\u0131 Donald Trump&#8217;\u0131n bir d\u00f6n\u00fcm noktas\u0131 olan a\u00e7\u0131klamalar\u0131n\u0131n ard\u0131ndan Avrupa \u00fclkelerinin Suriye&#8217;ye y\u00f6nelik yapt\u0131r\u0131mlar\u0131 kald\u0131rma karar\u0131ndan b\u00fcy\u00fck memnuniyet duyuyoruz.&#8221;<\/p>\n<p>Suriye&#8217;de istikrar ve bar\u0131\u015f\u0131n sa\u011flanmas\u0131, t\u00fcm kom\u015fular\u0131na ve b\u00f6lgedeki \u00fclkelere fayda sa\u011flayacakt\u0131r&#8221; ifadelerini kullananan Erdo\u011fan, Suriye Hava Yollar\u0131&#8217;n\u0131n yak\u0131nda T\u00fcrkiye&#8217;ye u\u00e7u\u015flara ba\u015flayaca\u011f\u0131n\u0131 ve T\u00fcrk havayolu Anadolu Jet&#8217;in Suriye&#8217;ye d\u00fczenli u\u00e7u\u015flar ger\u00e7ekle\u015ftirece\u011fini kaydetti.<\/p>\n","protected":false},"excerpt":{"rendered":"<p>ANKARA (SANA) &#8211;\u00a0 T\u00fcrkiye Cumhurba\u015fkan\u0131 Recep Tayyip Erdo\u011fan, Suriye&#8217;deki istikrar\u0131n kom\u015fular\u0131na ve b\u00f6lge \u00fclkelerine fayda sa\u011flad\u0131\u011f\u0131n\u0131 vurgulayarak, Avrupa Birli\u011fi ve ABD&#8217;nin Suriye&#8217;ye y\u00f6nelik yapt\u0131r\u0131mlar\u0131 kald\u0131rma karar\u0131n\u0131 \u00f6vd\u00fc. Anadolu Ajans\u0131, Erdo\u011fan&#8217;\u0131n bug\u00fcn Ankara&#8217;da d\u00fczenlenen haftal\u0131k kabine toplant\u0131s\u0131n\u0131n ard\u0131ndan televizyonda yapt\u0131\u011f\u0131 konu\u015fmada \u015funlar\u0131 s\u00f6yledi\u011fini aktard\u0131: &#8221;ABD Ba\u015fkan\u0131 Donald Trump&#8217;\u0131n bir d\u00f6n\u00fcm noktas\u0131 olan a\u00e7\u0131klamalar\u0131n\u0131n ard\u0131ndan Avrupa \u00fclkelerinin &hellip;<\/p>\n","protected":false},"author":36,"featured_media":322455,"comment_status":"closed","ping_status":"closed","sticky":false,"template":"","format":"standard","meta":{"footnotes":""},"categories":[458,589,459,17988],"tags":[],"class_list":["post-322454","post","type-post","status-publish","format-standard","has-post-thumbnail","","category-dunya1","category-haber-seridi","category-haberler-arap-uluslararasi-politika","category-son-haberler"],"_links":{"self":[{"href":"https:\/\/archive.sana.sy\/tr\/index.php?rest_route=\/wp\/v2\/posts\/322454","targetHints":{"allow":["GET"]}}],"collection":[{"href":"https:\/\/archive.sana.sy\/tr\/index.php?rest_route=\/wp\/v2\/posts"}],"about":[{"href":"https:\/\/archive.sana.sy\/tr\/index.php?rest_route=\/wp\/v2\/types\/post"}],"author":[{"embeddable":true,"href":"https:\/\/archive.sana.sy\/tr\/index.php?rest_route=\/wp\/v2\/users\/36"}],"replies":[{"embeddable":true,"href":"https:\/\/archive.sana.sy\/tr\/index.php?rest_route=%2Fwp%2Fv2%2Fcomments&post=322454"}],"version-history":[{"count":1,"href":"https:\/\/archive.sana.sy\/tr\/index.php?rest_route=\/wp\/v2\/posts\/322454\/revisions"}],"predecessor-version":[{"id":322456,"href":"https:\/\/archive.sana.sy\/tr\/index.php?rest_route=\/wp\/v2\/posts\/322454\/revisions\/322456"}],"wp:featuredmedia":[{"embeddable":true,"href":"https:\/\/archive.sana.sy\/tr\/index.php?rest_route=\/wp\/v2\/media\/322455"}],"wp:attachment":[{"href":"https:\/\/archive.sana.sy\/tr\/index.php?rest_route=%2Fwp%2Fv2%2Fmedia&parent=322454"}],"wp:term":[{"taxonomy":"category","embeddable":true,"href":"https:\/\/archive.sana.sy\/tr\/index.php?rest_route=%2Fwp%2Fv2%2Fcategories&post=322454"},{"taxonomy":"post_tag","embeddable":true,"href":"https:\/\/archive.sana.sy\/tr\/index.php?rest_route=%2Fwp%2Fv2%2Ftags&post=322454"}],"curies":[{"name":"wp","href":"https:\/\/api.w.org\/{rel}","templated":true}]}}