{"id":322469,"date":"2025-06-03T12:34:18","date_gmt":"2025-06-03T09:34:18","guid":{"rendered":"https:\/\/sana.sy\/tr\/?p=322469"},"modified":"2025-06-03T12:34:18","modified_gmt":"2025-06-03T09:34:18","slug":"turizm-bakanligi-century-grup-ile-sahil-bolgesindeki-turistik-alanlarin-gelistirilmesi-konusunda-gorustu","status":"publish","type":"post","link":"https:\/\/archive.sana.sy\/tr\/?p=322469","title":{"rendered":"Turizm Bakanl\u0131\u011f\u0131, &#8220;Century&#8221; Grup \u0130le Sahil B\u00f6lgesindeki Turistik Alanlar\u0131n Geli\u015ftirilmesi Konusunda G\u00f6r\u00fc\u015ft\u00fc"},"content":{"rendered":"<p><span style=\"color: #ff0000;\"><strong>\u015eAM (SANA) &#8211;<\/strong><\/span> Turizm Bakan\u0131 Mazen El Salhani, &#8220;Century&#8221; \u015eirketler Grubu temsilcisi Muhammed Suhail Beyrutlu ile sahil b\u00f6lgesinde turizm alanlar\u0131n\u0131n geli\u015ftirilmesinin yollar\u0131n\u0131 g\u00f6r\u00fc\u015ft\u00fc.<\/p>\n<p>Bakanl\u0131k, Telegram kanal\u0131ndan yapt\u0131\u011f\u0131 a\u00e7\u0131klamada, bakanl\u0131k binas\u0131nda ger\u00e7ekle\u015fen g\u00f6r\u00fc\u015fmede, sahil&#8217;de yeni bir turizm projesi kurulmas\u0131 ve b\u00f6lge halk\u0131n\u0131n s\u00f6z konusu alanlar\u0131n ve turistik ortam\u0131n geli\u015ftirilmesi s\u00fcrecine dahil edilmesi konular\u0131n\u0131n ele al\u0131nd\u0131\u011f\u0131 bildirildi.<\/p>\n<p>Bakan El Salhani, bu yakla\u015f\u0131m\u0131n b\u00f6lgedeki i\u015fsizlik oranlar\u0131n\u0131n azalt\u0131lmas\u0131na etkili bir \u015fekilde katk\u0131 sa\u011flayaca\u011f\u0131n\u0131 ve ekonomik ve sosyal istikrar\u0131 destekleyece\u011fini vurgulad\u0131.<\/p>\n<div id='gallery-1' class='gallery galleryid-322469 gallery-columns-1 gallery-size-full'><figure class='gallery-item'>\n\t\t\t<div class='gallery-icon landscape'>\n\t\t\t\t<a href='https:\/\/archive.sana.sy\/tr\/wp-content\/uploads\/2025\/06\/photo_2025-06-03_12-24-50.jpg'><img loading=\"lazy\" decoding=\"async\" width=\"660\" height=\"370\" src=\"https:\/\/archive.sana.sy\/tr\/wp-content\/uploads\/2025\/06\/photo_2025-06-03_12-24-50.jpg\" class=\"attachment-full size-full\" alt=\"\" srcset=\"https:\/\/archive.sana.sy\/tr\/wp-content\/uploads\/2025\/06\/photo_2025-06-03_12-24-50.jpg 660w, https:\/\/archive.sana.sy\/tr\/wp-content\/uploads\/2025\/06\/photo_2025-06-03_12-24-50-300x168.jpg 300w\" sizes=\"auto, (max-width: 660px) 100vw, 660px\" \/><\/a>\n\t\t\t<\/div><\/figure>\n\t\t<\/div>\n\n","protected":false},"excerpt":{"rendered":"<p>\u015eAM (SANA) &#8211; Turizm Bakan\u0131 Mazen El Salhani, &#8220;Century&#8221; \u015eirketler Grubu temsilcisi Muhammed Suhail Beyrutlu ile sahil b\u00f6lgesinde turizm alanlar\u0131n\u0131n geli\u015ftirilmesinin yollar\u0131n\u0131 g\u00f6r\u00fc\u015ft\u00fc. Bakanl\u0131k, Telegram kanal\u0131ndan yapt\u0131\u011f\u0131 a\u00e7\u0131klamada, bakanl\u0131k binas\u0131nda ger\u00e7ekle\u015fen g\u00f6r\u00fc\u015fmede, sahil&#8217;de yeni bir turizm projesi kurulmas\u0131 ve b\u00f6lge halk\u0131n\u0131n s\u00f6z konusu alanlar\u0131n ve turistik ortam\u0131n geli\u015ftirilmesi s\u00fcrecine dahil edilmesi konular\u0131n\u0131n ele al\u0131nd\u0131\u011f\u0131 bildirildi. &hellip;<\/p>\n","protected":false},"author":36,"featured_media":322470,"comment_status":"closed","ping_status":"closed","sticky":false,"template":"","format":"standard","meta":{"footnotes":""},"categories":[589,479,17988,478],"tags":[],"class_list":["post-322469","post","type-post","status-publish","format-standard","has-post-thumbnail","","category-haber-seridi","category-haberler-yerel","category-son-haberler","category-yerel"],"_links":{"self":[{"href":"https:\/\/archive.sana.sy\/tr\/index.php?rest_route=\/wp\/v2\/posts\/322469","targetHints":{"allow":["GET"]}}],"collection":[{"href":"https:\/\/archive.sana.sy\/tr\/index.php?rest_route=\/wp\/v2\/posts"}],"about":[{"href":"https:\/\/archive.sana.sy\/tr\/index.php?rest_route=\/wp\/v2\/types\/post"}],"author":[{"embeddable":true,"href":"https:\/\/archive.sana.sy\/tr\/index.php?rest_route=\/wp\/v2\/users\/36"}],"replies":[{"embeddable":true,"href":"https:\/\/archive.sana.sy\/tr\/index.php?rest_route=%2Fwp%2Fv2%2Fcomments&post=322469"}],"version-history":[{"count":1,"href":"https:\/\/archive.sana.sy\/tr\/index.php?rest_route=\/wp\/v2\/posts\/322469\/revisions"}],"predecessor-version":[{"id":322472,"href":"https:\/\/archive.sana.sy\/tr\/index.php?rest_route=\/wp\/v2\/posts\/322469\/revisions\/322472"}],"wp:featuredmedia":[{"embeddable":true,"href":"https:\/\/archive.sana.sy\/tr\/index.php?rest_route=\/wp\/v2\/media\/322470"}],"wp:attachment":[{"href":"https:\/\/archive.sana.sy\/tr\/index.php?rest_route=%2Fwp%2Fv2%2Fmedia&parent=322469"}],"wp:term":[{"taxonomy":"category","embeddable":true,"href":"https:\/\/archive.sana.sy\/tr\/index.php?rest_route=%2Fwp%2Fv2%2Fcategories&post=322469"},{"taxonomy":"post_tag","embeddable":true,"href":"https:\/\/archive.sana.sy\/tr\/index.php?rest_route=%2Fwp%2Fv2%2Ftags&post=322469"}],"curies":[{"name":"wp","href":"https:\/\/api.w.org\/{rel}","templated":true}]}}