{"id":322473,"date":"2025-06-03T13:23:58","date_gmt":"2025-06-03T10:23:58","guid":{"rendered":"https:\/\/sana.sy\/tr\/?p=322473"},"modified":"2025-06-03T18:12:53","modified_gmt":"2025-06-03T15:12:53","slug":"el-husriye-fransa-merkez-bankasi-ile-isbirligi-yollarini-gorustu","status":"publish","type":"post","link":"https:\/\/archive.sana.sy\/tr\/?p=322473","title":{"rendered":"El H\u00fcsriye, Fransa Merkez Bankas\u0131 \u0130le \u0130\u015fbirli\u011fi Yollar\u0131n\u0131 G\u00f6r\u00fc\u015ft\u00fc"},"content":{"rendered":"<p style=\"text-align: justify;\"><span style=\"color: #ff0000;\"><strong>\u015eAM (SANA) &#8211;<\/strong><\/span> Suriye Merkez Bankas\u0131 Ba\u015fkan\u0131 Abd\u00fclkadir El H\u00fcsriye, Fransa Merkez Bankas\u0131 ile para politikas\u0131 ara\u00e7lar\u0131n\u0131n modernize edilmesi, merkez bankas\u0131n\u0131n ba\u011f\u0131ms\u0131zl\u0131\u011f\u0131n\u0131n art\u0131r\u0131lmas\u0131 ve g\u00fcncel zorluklara paralel olarak parasal istikrar a\u00e7\u0131s\u0131ndan \u00f6nemi konular\u0131nda g\u00f6r\u00fc\u015f al\u0131\u015fveri\u015finde bulundu.<\/p>\n<p style=\"text-align: justify;\">El H\u00fcsriye, Facebook hesab\u0131ndan yapt\u0131\u011f\u0131 payla\u015f\u0131mda, d\u00fcn Frans\u0131z Merkez Bankas\u0131&#8217;ndaki meslekta\u015flar\u0131yla, iki kurum aras\u0131ndaki para politikas\u0131, kapasite geli\u015ftirme ve bankac\u0131l\u0131k sekt\u00f6r\u00fcnde yetenek geli\u015ftirme alanlar\u0131ndaki i\u015f birli\u011fi olanaklar\u0131n\u0131 g\u00f6r\u00fc\u015fmek \u00fczere verimli bir sanal toplant\u0131 ger\u00e7ekle\u015ftirdi\u011fini belirtti.<\/p>\n<p style=\"text-align: justify;\">Suriye Merkez Bankas\u0131 Guvern\u00f6r\u00fc, Suriye Bankac\u0131l\u0131k Enstit\u00fcs\u00fc ile Fransa Merkez Bankas\u0131&#8217;na ba\u011fl\u0131 Uluslararas\u0131 Bankac\u0131l\u0131k Finans Enstit\u00fcs\u00fc aras\u0131nda i\u015fbirli\u011fi yap\u0131larak e\u011fitim ve yeterlilik programlar\u0131n\u0131n g\u00f6r\u00fc\u015f\u00fcld\u00fc\u011f\u00fcn\u00fc kaydetti.<\/p>\n<p style=\"text-align: justify;\">El H\u00fcsriye ayr\u0131ca, g\u00f6r\u00fc\u015fmede iki banka aras\u0131nda kar\u015f\u0131l\u0131kl\u0131 hesap a\u00e7\u0131lmas\u0131 konusunun ele al\u0131nd\u0131\u011f\u0131n\u0131, parasal istikrar\u0131 destekleyen g\u00fcvenli ve etkili yat\u0131r\u0131m ara\u00e7lar\u0131yla rezervlerin y\u00f6netilmesi ve geli\u015ftirilmesine y\u00f6nelik stratejilerin g\u00f6r\u00fc\u015f\u00fcld\u00fc\u011f\u00fcn\u00fc ifade etti.<\/p>\n<p style=\"text-align: justify;\">Teknik konular\u0131n takibi ve i\u015f birli\u011fi alanlar\u0131n\u0131n sistematik ve s\u00fcrd\u00fcr\u00fclebilir bir \u015fekilde etkinle\u015ftirilmesi amac\u0131yla bundan sonra da toplant\u0131lar yap\u0131lmas\u0131 konusunda mutabakata var\u0131ld\u0131\u011f\u0131n\u0131 do\u011frulayan El H\u00fcsriye,\u00a0 bu yap\u0131c\u0131 toplant\u0131y\u0131 organize eden ve iki kurum aras\u0131ndaki diyalog ve i\u015fbirli\u011fi kanallar\u0131n\u0131 g\u00fc\u00e7lendirme yolundaki \u00f6zverili \u00e7abalar\u0131ndan dolay\u0131 Frans\u0131z \u015eam Maslahatg\u00fczar\u0131 Jean-Baptiste Favre&#8217;ye i\u00e7ten te\u015fekk\u00fcrlerini sundu.<\/p>\n","protected":false},"excerpt":{"rendered":"<p>\u015eAM (SANA) &#8211; Suriye Merkez Bankas\u0131 Ba\u015fkan\u0131 Abd\u00fclkadir El H\u00fcsriye, Fransa Merkez Bankas\u0131 ile para politikas\u0131 ara\u00e7lar\u0131n\u0131n modernize edilmesi, merkez bankas\u0131n\u0131n ba\u011f\u0131ms\u0131zl\u0131\u011f\u0131n\u0131n art\u0131r\u0131lmas\u0131 ve g\u00fcncel zorluklara paralel olarak parasal istikrar a\u00e7\u0131s\u0131ndan \u00f6nemi konular\u0131nda g\u00f6r\u00fc\u015f al\u0131\u015fveri\u015finde bulundu. El H\u00fcsriye, Facebook hesab\u0131ndan yapt\u0131\u011f\u0131 payla\u015f\u0131mda, d\u00fcn Frans\u0131z Merkez Bankas\u0131&#8217;ndaki meslekta\u015flar\u0131yla, iki kurum aras\u0131ndaki para politikas\u0131, kapasite geli\u015ftirme ve &hellip;<\/p>\n","protected":false},"author":36,"featured_media":322474,"comment_status":"closed","ping_status":"closed","sticky":false,"template":"","format":"standard","meta":{"footnotes":""},"categories":[589,479,17988,478],"tags":[],"class_list":["post-322473","post","type-post","status-publish","format-standard","has-post-thumbnail","","category-haber-seridi","category-haberler-yerel","category-son-haberler","category-yerel"],"_links":{"self":[{"href":"https:\/\/archive.sana.sy\/tr\/index.php?rest_route=\/wp\/v2\/posts\/322473","targetHints":{"allow":["GET"]}}],"collection":[{"href":"https:\/\/archive.sana.sy\/tr\/index.php?rest_route=\/wp\/v2\/posts"}],"about":[{"href":"https:\/\/archive.sana.sy\/tr\/index.php?rest_route=\/wp\/v2\/types\/post"}],"author":[{"embeddable":true,"href":"https:\/\/archive.sana.sy\/tr\/index.php?rest_route=\/wp\/v2\/users\/36"}],"replies":[{"embeddable":true,"href":"https:\/\/archive.sana.sy\/tr\/index.php?rest_route=%2Fwp%2Fv2%2Fcomments&post=322473"}],"version-history":[{"count":4,"href":"https:\/\/archive.sana.sy\/tr\/index.php?rest_route=\/wp\/v2\/posts\/322473\/revisions"}],"predecessor-version":[{"id":322510,"href":"https:\/\/archive.sana.sy\/tr\/index.php?rest_route=\/wp\/v2\/posts\/322473\/revisions\/322510"}],"wp:featuredmedia":[{"embeddable":true,"href":"https:\/\/archive.sana.sy\/tr\/index.php?rest_route=\/wp\/v2\/media\/322474"}],"wp:attachment":[{"href":"https:\/\/archive.sana.sy\/tr\/index.php?rest_route=%2Fwp%2Fv2%2Fmedia&parent=322473"}],"wp:term":[{"taxonomy":"category","embeddable":true,"href":"https:\/\/archive.sana.sy\/tr\/index.php?rest_route=%2Fwp%2Fv2%2Fcategories&post=322473"},{"taxonomy":"post_tag","embeddable":true,"href":"https:\/\/archive.sana.sy\/tr\/index.php?rest_route=%2Fwp%2Fv2%2Ftags&post=322473"}],"curies":[{"name":"wp","href":"https:\/\/api.w.org\/{rel}","templated":true}]}}