{"id":32251,"date":"2015-05-06T12:07:48","date_gmt":"2015-05-06T09:07:48","guid":{"rendered":"http:\/\/www.sana.sy\/tr\/?p=32251"},"modified":"2015-05-06T21:01:31","modified_gmt":"2015-05-06T18:01:31","slug":"haseke-kentinde-vatandaslarin-evlerini-hedef-alan-roketli-teror-saldirilarinda-3-vatandas-sehit-dustu","status":"publish","type":"post","link":"https:\/\/archive.sana.sy\/tr\/?p=32251","title":{"rendered":"Haseke&#8217;de \u015eehit Bilan\u00e7osu 4&#8242; Y\u00fckseldi"},"content":{"rendered":"<p>\u0130LLER \u2013 I\u015e\u0130D&#8217;li ter\u00f6r \u00e7etelerinin bug\u00fcn sabah saatlerinde Haseke Kentinin muhtelif sivil yerle\u015fim alanlar\u0131n\u0131 havan ve roketlerle hedef almalar\u0131n\u0131n yan\u0131nda bombal\u0131 bir ara\u00e7 ve bombal\u0131 bir motosikleti havaya u\u00e7urmalar\u0131 sonucunda \u015fehit d\u00fc\u015fen sivillerin say\u0131s\u0131 4&#8217;e y\u00fckseldi.<\/p>\n<p>Haseke \u0130l Emniyet M\u00fcd\u00fcrl\u00fc\u011f\u00fcnde bir kaynak; biri bombal\u0131 araba di\u011feri de bombal\u0131 motosiklet kullanan I\u015e\u0130D\u2019li intihar eylemcisi iki ter\u00f6ristin Kellase Semtinde veterinerlik binas\u0131 yak\u0131nlar\u0131nda bombal\u0131 ter\u00f6r eylemleri d\u00fczenlediklerini s\u00f6yledi. Kaynak hain ter\u00f6r sald\u0131r\u0131s\u0131nda birka\u00e7 vatanda\u015f\u0131n \u015fehit, birka\u00e7\u0131n\u0131n da yaral\u0131 d\u00fc\u015ft\u00fcklerini aktar\u0131rken, binada maddi hasar oldu\u011funu belirtti.<\/p>\n<p>I\u015e\u0130D \u00e7etelerinin sabah saatlerinde Haseke Kentinin Kellase, Nasira, Salihiye ve M\u00fcft\u00fc semtlerini 15 roketle hedef ald\u0131klar\u0131n\u0131 belirten kaynak; aralar\u0131nda bir \u00e7ocu\u011fun bulundu\u011fu 4 vatanda\u015f\u0131n \u015fehit, 6 vatanda\u015f\u0131n da yaral\u0131 d\u00fc\u015ft\u00fcklerini, sivil evlerde de b\u00fcy\u00fck hasar\u0131n olu\u015ftu\u011funu aktard\u0131.<\/p>\n<p>Kaynak ordu birliklerimizin havan ve roketlerin f\u0131rlat\u0131ld\u0131\u011f\u0131 ter\u00f6r mevkilerini derhal hedef alarak bir\u00e7ok roket rampas\u0131n\u0131 ter\u00f6ristleriyle birlikte imha ettiklerini belirtti.<\/p>\n<p>Emniyet kayna\u011f\u0131 sabah saatlerinde yapt\u0131\u011f\u0131 a\u00e7\u0131klamada sivil yerle\u015fim alanlar\u0131n\u0131 hedef alan roket sald\u0131r\u0131lar\u0131nda 3 vatanda\u015f\u0131n \u015fehit, 4 vatanda\u015f\u0131n da yaral\u0131 d\u00fc\u015ft\u00fcklerini aktarm\u0131\u015ft\u0131.<\/p>\n<p><span style=\"color: #0000ff\">\u015eam:<\/span><\/p>\n<p>Ter\u00f6r \u00e7etelerinin ba\u015fkent \u015eam\u2019\u0131n Abbasiler Semtini havan mermisiyle hedef almalar\u0131 sonucunda ise bir vatanda\u015f \u015fehit, 2 vatanda\u015f da yaral\u0131 d\u00fc\u015ft\u00fc. Olay yerinde park halinde bulunan 7 ara\u00e7 da hasar g\u00f6rd\u00fc.<\/p>\n<p>Haseke&#8217;deki sald\u0131r\u0131lardan kareler&#8230;<\/p>\n<div id='gallery-1' class='gallery galleryid-32251 gallery-columns-2 gallery-size-thumbnail'><figure class='gallery-item'>\n\t\t\t<div class='gallery-icon landscape'>\n\t\t\t\t<a href='https:\/\/archive.sana.sy\/tr\/wp-content\/uploads\/2015\/05\/71.jpg'><img loading=\"lazy\" decoding=\"async\" width=\"150\" height=\"90\" src=\"https:\/\/archive.sana.sy\/tr\/wp-content\/uploads\/2015\/05\/71-150x90.jpg\" class=\"attachment-thumbnail size-thumbnail\" alt=\"\" srcset=\"https:\/\/archive.sana.sy\/tr\/wp-content\/uploads\/2015\/05\/71-150x90.jpg 150w, https:\/\/archive.sana.sy\/tr\/wp-content\/uploads\/2015\/05\/71-300x181.jpg 300w, https:\/\/archive.sana.sy\/tr\/wp-content\/uploads\/2015\/05\/71-1024x616.jpg 1024w\" sizes=\"auto, (max-width: 150px) 100vw, 150px\" \/><\/a>\n\t\t\t<\/div><\/figure><figure class='gallery-item'>\n\t\t\t<div class='gallery-icon landscape'>\n\t\t\t\t<a href='https:\/\/archive.sana.sy\/tr\/wp-content\/uploads\/2015\/05\/10.jpg'><img loading=\"lazy\" decoding=\"async\" width=\"150\" height=\"90\" src=\"https:\/\/archive.sana.sy\/tr\/wp-content\/uploads\/2015\/05\/10-150x90.jpg\" class=\"attachment-thumbnail size-thumbnail\" alt=\"\" srcset=\"https:\/\/archive.sana.sy\/tr\/wp-content\/uploads\/2015\/05\/10-150x90.jpg 150w, https:\/\/archive.sana.sy\/tr\/wp-content\/uploads\/2015\/05\/10-300x181.jpg 300w, https:\/\/archive.sana.sy\/tr\/wp-content\/uploads\/2015\/05\/10-1024x616.jpg 1024w\" sizes=\"auto, (max-width: 150px) 100vw, 150px\" \/><\/a>\n\t\t\t<\/div><\/figure><figure class='gallery-item'>\n\t\t\t<div class='gallery-icon landscape'>\n\t\t\t\t<a href='https:\/\/archive.sana.sy\/tr\/wp-content\/uploads\/2015\/05\/17.jpg'><img loading=\"lazy\" decoding=\"async\" width=\"150\" height=\"90\" src=\"https:\/\/archive.sana.sy\/tr\/wp-content\/uploads\/2015\/05\/17-150x90.jpg\" class=\"attachment-thumbnail size-thumbnail\" alt=\"\" srcset=\"https:\/\/archive.sana.sy\/tr\/wp-content\/uploads\/2015\/05\/17-150x90.jpg 150w, https:\/\/archive.sana.sy\/tr\/wp-content\/uploads\/2015\/05\/17-300x181.jpg 300w, https:\/\/archive.sana.sy\/tr\/wp-content\/uploads\/2015\/05\/17-1024x616.jpg 1024w\" sizes=\"auto, (max-width: 150px) 100vw, 150px\" \/><\/a>\n\t\t\t<\/div><\/figure><figure class='gallery-item'>\n\t\t\t<div class='gallery-icon landscape'>\n\t\t\t\t<a href='https:\/\/archive.sana.sy\/tr\/wp-content\/uploads\/2015\/05\/25.jpg'><img loading=\"lazy\" decoding=\"async\" width=\"150\" height=\"113\" src=\"https:\/\/archive.sana.sy\/tr\/wp-content\/uploads\/2015\/05\/25-150x113.jpg\" class=\"attachment-thumbnail size-thumbnail\" alt=\"\" srcset=\"https:\/\/archive.sana.sy\/tr\/wp-content\/uploads\/2015\/05\/25-150x113.jpg 150w, https:\/\/archive.sana.sy\/tr\/wp-content\/uploads\/2015\/05\/25-300x225.jpg 300w, https:\/\/archive.sana.sy\/tr\/wp-content\/uploads\/2015\/05\/25-1024x768.jpg 1024w\" sizes=\"auto, (max-width: 150px) 100vw, 150px\" \/><\/a>\n\t\t\t<\/div><\/figure>\n\t\t<\/div>\n\n<p><span style=\"color: #0000ff\">HAMA :<\/span><\/p>\n<p>\u00d6te yandan Hama Valili\u011finde bir kaynak; ter\u00f6ristlerin Aydun ve Tlul el Humr k\u00f6ylerinden bug\u00fcn Hama \u0130line tabi Selemiye k\u0131rsal\u0131n\u0131n Hneyfis K\u00f6y\u00fcn\u00fc f\u00fczelerle hedef ald\u0131klar\u0131n\u0131 ifade etti.<\/p>\n<p>K\u00f6r ve korkak sald\u0131r\u0131larda 15 ya\u015f\u0131nda bir \u00e7ocu\u011fun \u015fehit d\u00fc\u015ft\u00fc\u011f\u00fcn\u00fc; aralar\u0131nda 5 ya\u015flar\u0131nda bir k\u0131z \u00e7ocu\u011fun bulundu\u011fu 3 vatanda\u015f\u0131n da yaraland\u0131\u011f\u0131n\u0131 aktaran kaynak; \u00f6zel m\u00fclklerde de maddi hasar\u0131n olu\u015ftu\u011funa dikkat \u00e7ekti.<\/p>\n<p>A.A. &#8211; M.M.<\/p>\n","protected":false},"excerpt":{"rendered":"<p>\u0130LLER \u2013 I\u015e\u0130D&#8217;li ter\u00f6r \u00e7etelerinin bug\u00fcn sabah saatlerinde Haseke Kentinin muhtelif sivil yerle\u015fim alanlar\u0131n\u0131 havan ve roketlerle hedef almalar\u0131n\u0131n yan\u0131nda bombal\u0131 bir ara\u00e7 ve bombal\u0131 bir motosikleti havaya u\u00e7urmalar\u0131 sonucunda \u015fehit d\u00fc\u015fen sivillerin say\u0131s\u0131 4&#8217;e y\u00fckseldi. Haseke \u0130l Emniyet M\u00fcd\u00fcrl\u00fc\u011f\u00fcnde bir kaynak; biri bombal\u0131 araba di\u011feri de bombal\u0131 motosiklet kullanan I\u015e\u0130D\u2019li intihar eylemcisi iki ter\u00f6ristin &hellip;<\/p>\n","protected":false},"author":1,"featured_media":32270,"comment_status":"closed","ping_status":"closed","sticky":false,"template":"","format":"standard","meta":{"footnotes":""},"categories":[575],"tags":[],"class_list":["post-32251","post","type-post","status-publish","format-standard","has-post-thumbnail","","category-olaylar-ve-gercekler"],"_links":{"self":[{"href":"https:\/\/archive.sana.sy\/tr\/index.php?rest_route=\/wp\/v2\/posts\/32251","targetHints":{"allow":["GET"]}}],"collection":[{"href":"https:\/\/archive.sana.sy\/tr\/index.php?rest_route=\/wp\/v2\/posts"}],"about":[{"href":"https:\/\/archive.sana.sy\/tr\/index.php?rest_route=\/wp\/v2\/types\/post"}],"author":[{"embeddable":true,"href":"https:\/\/archive.sana.sy\/tr\/index.php?rest_route=\/wp\/v2\/users\/1"}],"replies":[{"embeddable":true,"href":"https:\/\/archive.sana.sy\/tr\/index.php?rest_route=%2Fwp%2Fv2%2Fcomments&post=32251"}],"version-history":[{"count":0,"href":"https:\/\/archive.sana.sy\/tr\/index.php?rest_route=\/wp\/v2\/posts\/32251\/revisions"}],"wp:featuredmedia":[{"embeddable":true,"href":"https:\/\/archive.sana.sy\/tr\/index.php?rest_route=\/wp\/v2\/media\/32270"}],"wp:attachment":[{"href":"https:\/\/archive.sana.sy\/tr\/index.php?rest_route=%2Fwp%2Fv2%2Fmedia&parent=32251"}],"wp:term":[{"taxonomy":"category","embeddable":true,"href":"https:\/\/archive.sana.sy\/tr\/index.php?rest_route=%2Fwp%2Fv2%2Fcategories&post=32251"},{"taxonomy":"post_tag","embeddable":true,"href":"https:\/\/archive.sana.sy\/tr\/index.php?rest_route=%2Fwp%2Fv2%2Ftags&post=32251"}],"curies":[{"name":"wp","href":"https:\/\/api.w.org\/{rel}","templated":true}]}}