{"id":322537,"date":"2025-06-04T13:43:18","date_gmt":"2025-06-04T10:43:18","guid":{"rendered":"https:\/\/sana.sy\/tr\/?p=322537"},"modified":"2025-06-04T15:21:41","modified_gmt":"2025-06-04T12:21:41","slug":"disisleri-bakanligi-kardes-bahreyn-kralligini-2026-2027-donemi-icin-bm-guvenlik-konseyine-gecici-uye-secilmesinden-dolayi-tebrik-ediyoruz","status":"publish","type":"post","link":"https:\/\/archive.sana.sy\/tr\/?p=322537","title":{"rendered":"D\u0131\u015fi\u015fleri Bakanl\u0131\u011f\u0131: Karde\u015f Bahreyn Krall\u0131\u011f\u0131\u2019n\u0131, 2026-2027 D\u00f6nemi \u0130\u00e7in BM G\u00fcvenlik Konseyi\u2019ne Ge\u00e7ici \u00dcye Se\u00e7ilmesinden Dolay\u0131 Tebrik Ediyoruz"},"content":{"rendered":"<p style=\"text-align: justify;\"><strong><span style=\"color: #ff0000;\">\u015eAM (SANA)<\/span> \u2013<\/strong> Suriye Arap Cumhuriyeti D\u0131\u015fi\u015fleri ve Gurbet\u00e7iler Bakanl\u0131\u011f\u0131, karde\u015f Bahreyn Krall\u0131\u011f\u0131\u2019n\u0131, 2026-2027 d\u00f6nemi i\u00e7in Birle\u015fmi\u015f Milletler G\u00fcvenlik Konseyi\u2019nin ge\u00e7ici \u00fcyeli\u011fine se\u00e7ilmesi dolay\u0131s\u0131yla tebrik etti.<\/p>\n<p style=\"text-align: justify;\">Bakanl\u0131k taraf\u0131ndan Telegram kanal\u0131nda yay\u0131mlanan a\u00e7\u0131klamada, \u201cSuriye Arap Cumhuriyeti D\u0131\u015fi\u015fleri ve Gurbet\u00e7iler Bakanl\u0131\u011f\u0131, karde\u015f Bahreyn Krall\u0131\u011f\u0131\u2019n\u0131, 2026-2027 d\u00f6nemi i\u00e7in Birle\u015fmi\u015f Milletler G\u00fcvenlik Konseyi\u2019nin ge\u00e7ici \u00fcyesi olarak se\u00e7ilmesinden \u00f6t\u00fcr\u00fc i\u00e7tenlikle kutlamaktad\u0131r\u201d ifadelerine yer verildi.<\/p>\n<p style=\"text-align: justify;\">D\u0131\u015fi\u015fleri Bakanl\u0131\u011f\u0131 ayr\u0131ca, Suriye Arap Cumhuriyeti&#8217;nin, Bahreyn&#8217;in uluslararas\u0131 bar\u0131\u015f ve g\u00fcvenli\u011fin desteklenmesine olumlu katk\u0131da bulunma ve Arap toplumunu onurlu bir \u015fekilde temsil etme kabiliyetine g\u00fcvendi\u011fini belirterek, Bahreyn&#8217;e g\u00f6revlerini yerine getirmesinde ba\u015far\u0131lar diledi\u011fine i\u015faret etti.<\/p>\n","protected":false},"excerpt":{"rendered":"<p>\u015eAM (SANA) \u2013 Suriye Arap Cumhuriyeti D\u0131\u015fi\u015fleri ve Gurbet\u00e7iler Bakanl\u0131\u011f\u0131, karde\u015f Bahreyn Krall\u0131\u011f\u0131\u2019n\u0131, 2026-2027 d\u00f6nemi i\u00e7in Birle\u015fmi\u015f Milletler G\u00fcvenlik Konseyi\u2019nin ge\u00e7ici \u00fcyeli\u011fine se\u00e7ilmesi dolay\u0131s\u0131yla tebrik etti. Bakanl\u0131k taraf\u0131ndan Telegram kanal\u0131nda yay\u0131mlanan a\u00e7\u0131klamada, \u201cSuriye Arap Cumhuriyeti D\u0131\u015fi\u015fleri ve Gurbet\u00e7iler Bakanl\u0131\u011f\u0131, karde\u015f Bahreyn Krall\u0131\u011f\u0131\u2019n\u0131, 2026-2027 d\u00f6nemi i\u00e7in Birle\u015fmi\u015f Milletler G\u00fcvenlik Konseyi\u2019nin ge\u00e7ici \u00fcyesi olarak se\u00e7ilmesinden \u00f6t\u00fcr\u00fc i\u00e7tenlikle &hellip;<\/p>\n","protected":false},"author":39,"featured_media":322538,"comment_status":"closed","ping_status":"closed","sticky":false,"template":"","format":"standard","meta":{"footnotes":""},"categories":[589,479,17988,478],"tags":[],"class_list":["post-322537","post","type-post","status-publish","format-standard","has-post-thumbnail","","category-haber-seridi","category-haberler-yerel","category-son-haberler","category-yerel"],"_links":{"self":[{"href":"https:\/\/archive.sana.sy\/tr\/index.php?rest_route=\/wp\/v2\/posts\/322537","targetHints":{"allow":["GET"]}}],"collection":[{"href":"https:\/\/archive.sana.sy\/tr\/index.php?rest_route=\/wp\/v2\/posts"}],"about":[{"href":"https:\/\/archive.sana.sy\/tr\/index.php?rest_route=\/wp\/v2\/types\/post"}],"author":[{"embeddable":true,"href":"https:\/\/archive.sana.sy\/tr\/index.php?rest_route=\/wp\/v2\/users\/39"}],"replies":[{"embeddable":true,"href":"https:\/\/archive.sana.sy\/tr\/index.php?rest_route=%2Fwp%2Fv2%2Fcomments&post=322537"}],"version-history":[{"count":2,"href":"https:\/\/archive.sana.sy\/tr\/index.php?rest_route=\/wp\/v2\/posts\/322537\/revisions"}],"predecessor-version":[{"id":322553,"href":"https:\/\/archive.sana.sy\/tr\/index.php?rest_route=\/wp\/v2\/posts\/322537\/revisions\/322553"}],"wp:featuredmedia":[{"embeddable":true,"href":"https:\/\/archive.sana.sy\/tr\/index.php?rest_route=\/wp\/v2\/media\/322538"}],"wp:attachment":[{"href":"https:\/\/archive.sana.sy\/tr\/index.php?rest_route=%2Fwp%2Fv2%2Fmedia&parent=322537"}],"wp:term":[{"taxonomy":"category","embeddable":true,"href":"https:\/\/archive.sana.sy\/tr\/index.php?rest_route=%2Fwp%2Fv2%2Fcategories&post=322537"},{"taxonomy":"post_tag","embeddable":true,"href":"https:\/\/archive.sana.sy\/tr\/index.php?rest_route=%2Fwp%2Fv2%2Ftags&post=322537"}],"curies":[{"name":"wp","href":"https:\/\/api.w.org\/{rel}","templated":true}]}}