{"id":322540,"date":"2025-06-04T13:56:20","date_gmt":"2025-06-04T10:56:20","guid":{"rendered":"https:\/\/sana.sy\/tr\/?p=322540"},"modified":"2025-06-04T15:20:44","modified_gmt":"2025-06-04T12:20:44","slug":"turkiye-suriyeye-yonelik-yaptirimlarin-kaldirilmasina-dair-ilk-isaretler-ortaya-cikmaya-basladi","status":"publish","type":"post","link":"https:\/\/archive.sana.sy\/tr\/?p=322540","title":{"rendered":"T\u00fcrkiye: Suriye\u2019ye Y\u00f6nelik Yapt\u0131r\u0131mlar\u0131n Kald\u0131r\u0131lmas\u0131na Dair \u0130lk \u0130\u015faretler Ortaya \u00c7\u0131kmaya Ba\u015flad\u0131"},"content":{"rendered":"<p style=\"text-align: justify;\"><strong><span style=\"color: #ff0000;\">ANKARA (SANA)<\/span> &#8211;\u00a0<\/strong>D\u0131\u015fi\u015fleri Bakan\u0131 Hakan Fidan, Suriye&#8217;ye y\u00f6nelik yapt\u0131r\u0131mlar\u0131n kald\u0131r\u0131lmas\u0131 karar\u0131n\u0131n \u00e7ok b\u00fcy\u00fck faydalar getirece\u011fini, bunun ilk i\u015faretlerin g\u00f6r\u00fcnmeye ba\u015flad\u0131\u011f\u0131n\u0131 vurgulad\u0131.<\/p>\n<p style=\"text-align: justify;\">TRT Haber\u2019e verdi\u011fi deme\u00e7te Fidan, Suriye h\u00fck\u00fcmetiyle uluslararas\u0131 bankac\u0131l\u0131k sistemi, yat\u0131r\u0131m, temel hizmetler ve ekonomi alanlar\u0131nda yeni geli\u015fmeler ya\u015fand\u0131\u011f\u0131n\u0131 belirterek, ge\u00e7ti\u011fimiz g\u00fcnlerde imzalanan ve Amerikal\u0131, Katarl\u0131, Suriyeli ve T\u00fcrk \u015firketlerin kat\u0131l\u0131m\u0131yla ger\u00e7ekle\u015fen b\u00fcy\u00fck enerji ihalesinin \u00f6nemine dikkat \u00e7ekti.<\/p>\n<p style=\"text-align: justify;\">Fidan ayr\u0131ca, beklentilerin art\u0131k yeniden in\u015fa meselesine y\u00f6neldi\u011fini ifade ederek, altyap\u0131n\u0131n onar\u0131m\u0131 konular\u0131n\u0131n ise siyasi, ekonomik ve g\u00fcvenlik d\u00fczeylerinde profesyonel, koordineli ve \u00e7ok tarafl\u0131 bir \u00e7al\u0131\u015fma gerektirdi\u011fini belirtti.<\/p>\n","protected":false},"excerpt":{"rendered":"<p>ANKARA (SANA) &#8211;\u00a0D\u0131\u015fi\u015fleri Bakan\u0131 Hakan Fidan, Suriye&#8217;ye y\u00f6nelik yapt\u0131r\u0131mlar\u0131n kald\u0131r\u0131lmas\u0131 karar\u0131n\u0131n \u00e7ok b\u00fcy\u00fck faydalar getirece\u011fini, bunun ilk i\u015faretlerin g\u00f6r\u00fcnmeye ba\u015flad\u0131\u011f\u0131n\u0131 vurgulad\u0131. TRT Haber\u2019e verdi\u011fi deme\u00e7te Fidan, Suriye h\u00fck\u00fcmetiyle uluslararas\u0131 bankac\u0131l\u0131k sistemi, yat\u0131r\u0131m, temel hizmetler ve ekonomi alanlar\u0131nda yeni geli\u015fmeler ya\u015fand\u0131\u011f\u0131n\u0131 belirterek, ge\u00e7ti\u011fimiz g\u00fcnlerde imzalanan ve Amerikal\u0131, Katarl\u0131, Suriyeli ve T\u00fcrk \u015firketlerin kat\u0131l\u0131m\u0131yla ger\u00e7ekle\u015fen b\u00fcy\u00fck enerji &hellip;<\/p>\n","protected":false},"author":39,"featured_media":322541,"comment_status":"closed","ping_status":"closed","sticky":false,"template":"","format":"standard","meta":{"footnotes":""},"categories":[589,17988,2554,2555],"tags":[],"class_list":["post-322540","post","type-post","status-publish","format-standard","has-post-thumbnail","","category-haber-seridi","category-son-haberler","category-suriye-ve-dunya","category-suriye-ve-turkiye"],"_links":{"self":[{"href":"https:\/\/archive.sana.sy\/tr\/index.php?rest_route=\/wp\/v2\/posts\/322540","targetHints":{"allow":["GET"]}}],"collection":[{"href":"https:\/\/archive.sana.sy\/tr\/index.php?rest_route=\/wp\/v2\/posts"}],"about":[{"href":"https:\/\/archive.sana.sy\/tr\/index.php?rest_route=\/wp\/v2\/types\/post"}],"author":[{"embeddable":true,"href":"https:\/\/archive.sana.sy\/tr\/index.php?rest_route=\/wp\/v2\/users\/39"}],"replies":[{"embeddable":true,"href":"https:\/\/archive.sana.sy\/tr\/index.php?rest_route=%2Fwp%2Fv2%2Fcomments&post=322540"}],"version-history":[{"count":2,"href":"https:\/\/archive.sana.sy\/tr\/index.php?rest_route=\/wp\/v2\/posts\/322540\/revisions"}],"predecessor-version":[{"id":322552,"href":"https:\/\/archive.sana.sy\/tr\/index.php?rest_route=\/wp\/v2\/posts\/322540\/revisions\/322552"}],"wp:featuredmedia":[{"embeddable":true,"href":"https:\/\/archive.sana.sy\/tr\/index.php?rest_route=\/wp\/v2\/media\/322541"}],"wp:attachment":[{"href":"https:\/\/archive.sana.sy\/tr\/index.php?rest_route=%2Fwp%2Fv2%2Fmedia&parent=322540"}],"wp:term":[{"taxonomy":"category","embeddable":true,"href":"https:\/\/archive.sana.sy\/tr\/index.php?rest_route=%2Fwp%2Fv2%2Fcategories&post=322540"},{"taxonomy":"post_tag","embeddable":true,"href":"https:\/\/archive.sana.sy\/tr\/index.php?rest_route=%2Fwp%2Fv2%2Ftags&post=322540"}],"curies":[{"name":"wp","href":"https:\/\/api.w.org\/{rel}","templated":true}]}}