{"id":322543,"date":"2025-06-04T14:24:56","date_gmt":"2025-06-04T11:24:56","guid":{"rendered":"https:\/\/sana.sy\/tr\/?p=322543"},"modified":"2025-06-04T15:17:38","modified_gmt":"2025-06-04T12:17:38","slug":"urdun-suriyeden-mal-ithalatina-izin-veriyor","status":"publish","type":"post","link":"https:\/\/archive.sana.sy\/tr\/?p=322543","title":{"rendered":"\u00dcrd\u00fcn, Suriye&#8217;den Mal \u0130thalat\u0131na \u0130zin Veriyor"},"content":{"rendered":"<p style=\"text-align: justify;\"><strong><span style=\"color: #ff0000;\">AMMAN \u00a0(SANA)<\/span> &#8211;\u00a0 <\/strong>Suriye ile \u00dcrd\u00fcn aras\u0131nda ticari hareketlilik eski g\u00fcc\u00fcne kavu\u015ftu\u011funda, \u00dcrd\u00fcn\u2019\u00fcn Suriye\u2019ye yapt\u0131\u011f\u0131 ihracat 60,366 milyon dinar artarak 88,654 milyon dinara ula\u015ft\u0131. Bu rakam, y\u0131l\u0131n ba\u015f\u0131ndan may\u0131s ay\u0131n\u0131n ortas\u0131na kadar olan d\u00f6nemi kapsad\u0131.<\/p>\n<p style=\"text-align: justify;\">Ayn\u0131 d\u00f6nemde, Suriye&#8217;den yap\u0131lan ithalat ise 28,288 milyon dinar oldu.<\/p>\n<p style=\"text-align: justify;\">\u00dcrd\u00fcn Roya TV kanal\u0131n\u0131n internet sitesinde yer alan habere g\u00f6re, \u00dcrd\u00fcn Sanayi, Ticaret ve Tedarik Bakan\u0131 Yarub Kudah, 2019 y\u0131l\u0131nda \u00e7\u0131kar\u0131lan iki yasak karar\u0131nda yer alan baz\u0131 g\u00fcmr\u00fck kalemlerini muaf tutarak, Suriye&#8217;den belirli mallar\u0131n ithalat\u0131na izin veren bir karar yay\u0131mlad\u0131.<\/p>\n<p style=\"text-align: justify;\"><strong>\u00a0<\/strong>Al\u0131nan karar, \u00dcrd\u00fcn&#8217;\u00fcn ekonomik ve d\u00fczenleyici standartlar\u0131n\u0131 koruyan ithalat \u015fartlar\u0131na uyumun sa\u011flanmas\u0131n\u0131n yan\u0131 s\u0131ra Suriye ile ticari ili\u015fkilerin g\u00fc\u00e7lendirilmesi \u00e7er\u00e7evesinde al\u0131nd\u0131.<\/p>\n<p style=\"text-align: justify;\">\u00dcrd\u00fcn&#8217;\u00fcn \u201cEl Memleke\u201d televizyon kanal\u0131n\u0131n aktard\u0131\u011f\u0131na g\u00f6re, Amman Ticaret Odas\u0131\u2019n\u0131n verilerine istinaden \u00a0y\u0131l\u0131n ilk iki ay\u0131nda \u00dcrd\u00fcn\u2019\u00fcn Suriye\u2019ye yapt\u0131\u011f\u0131 ihracat 35,4 milyon dinar oldu. Ayn\u0131 d\u00f6nemde, Suriye\u2019den yap\u0131lan ithalat ise 8,3 milyon dinara ula\u015ft\u0131.<\/p>\n","protected":false},"excerpt":{"rendered":"<p>AMMAN \u00a0(SANA) &#8211;\u00a0 Suriye ile \u00dcrd\u00fcn aras\u0131nda ticari hareketlilik eski g\u00fcc\u00fcne kavu\u015ftu\u011funda, \u00dcrd\u00fcn\u2019\u00fcn Suriye\u2019ye yapt\u0131\u011f\u0131 ihracat 60,366 milyon dinar artarak 88,654 milyon dinara ula\u015ft\u0131. Bu rakam, y\u0131l\u0131n ba\u015f\u0131ndan may\u0131s ay\u0131n\u0131n ortas\u0131na kadar olan d\u00f6nemi kapsad\u0131. Ayn\u0131 d\u00f6nemde, Suriye&#8217;den yap\u0131lan ithalat ise 28,288 milyon dinar oldu. \u00dcrd\u00fcn Roya TV kanal\u0131n\u0131n internet sitesinde yer alan habere g\u00f6re, &hellip;<\/p>\n","protected":false},"author":39,"featured_media":322544,"comment_status":"closed","ping_status":"closed","sticky":false,"template":"","format":"standard","meta":{"footnotes":""},"categories":[458,589,459,17988],"tags":[],"class_list":["post-322543","post","type-post","status-publish","format-standard","has-post-thumbnail","","category-dunya1","category-haber-seridi","category-haberler-arap-uluslararasi-politika","category-son-haberler"],"_links":{"self":[{"href":"https:\/\/archive.sana.sy\/tr\/index.php?rest_route=\/wp\/v2\/posts\/322543","targetHints":{"allow":["GET"]}}],"collection":[{"href":"https:\/\/archive.sana.sy\/tr\/index.php?rest_route=\/wp\/v2\/posts"}],"about":[{"href":"https:\/\/archive.sana.sy\/tr\/index.php?rest_route=\/wp\/v2\/types\/post"}],"author":[{"embeddable":true,"href":"https:\/\/archive.sana.sy\/tr\/index.php?rest_route=\/wp\/v2\/users\/39"}],"replies":[{"embeddable":true,"href":"https:\/\/archive.sana.sy\/tr\/index.php?rest_route=%2Fwp%2Fv2%2Fcomments&post=322543"}],"version-history":[{"count":3,"href":"https:\/\/archive.sana.sy\/tr\/index.php?rest_route=\/wp\/v2\/posts\/322543\/revisions"}],"predecessor-version":[{"id":322551,"href":"https:\/\/archive.sana.sy\/tr\/index.php?rest_route=\/wp\/v2\/posts\/322543\/revisions\/322551"}],"wp:featuredmedia":[{"embeddable":true,"href":"https:\/\/archive.sana.sy\/tr\/index.php?rest_route=\/wp\/v2\/media\/322544"}],"wp:attachment":[{"href":"https:\/\/archive.sana.sy\/tr\/index.php?rest_route=%2Fwp%2Fv2%2Fmedia&parent=322543"}],"wp:term":[{"taxonomy":"category","embeddable":true,"href":"https:\/\/archive.sana.sy\/tr\/index.php?rest_route=%2Fwp%2Fv2%2Fcategories&post=322543"},{"taxonomy":"post_tag","embeddable":true,"href":"https:\/\/archive.sana.sy\/tr\/index.php?rest_route=%2Fwp%2Fv2%2Ftags&post=322543"}],"curies":[{"name":"wp","href":"https:\/\/api.w.org\/{rel}","templated":true}]}}