{"id":32255,"date":"2015-05-06T12:53:54","date_gmt":"2015-05-06T09:53:54","guid":{"rendered":"http:\/\/sana.sy\/tr\/?p=32255"},"modified":"2015-05-06T12:53:54","modified_gmt":"2015-05-06T09:53:54","slug":"askeri-kaynak-sanaya-a-iklamasina-hava-silahimizin-homs-dogu-kirsali-um-sahric-el-sair-ve-cezil-kuyulari-kuzey-um-el-ris-ve-resm-el-rek-bolgelerinde-isid-teror-orgutu-kumelenme-ve-toplanma","status":"publish","type":"post","link":"https:\/\/archive.sana.sy\/tr\/?p=32255","title":{"rendered":"Askeri kaynak SANA\u2019ya a.\u0131klamas\u0131na hava silah\u0131m\u0131z\u0131n Homs do\u011fu k\u0131rsal\u0131 Um Sahric, el \u015eair ve Cezil kuyular\u0131 kuzey, Um el Ri\u015f ve Resm el Rek B\u00f6lgelerinde I\u015e\u0130D ter\u00f6r \u00f6rg\u00fct\u00fc k\u00fcmelenme ve toplanma merkezlerine bir dizi bombard\u0131man d\u00fczenledi\u011fini, bunun sonucunda onlarca ara\u00e7lar\u0131n\u0131 imha ettiklerini ve \u00e7ok say\u0131da ter\u00f6risti \u00f6ld\u00fcrd\u00fcklerini s\u00f6yledi."},"content":{"rendered":"<p>Askeri kaynak SANA\u2019ya a.\u0131klamas\u0131na hava silah\u0131m\u0131z\u0131n Homs do\u011fu k\u0131rsal\u0131 Um Sahric, el \u015eair ve Cezil kuyular\u0131 kuzey, Um el Ri\u015f ve Resm el Rek B\u00f6lgelerinde I\u015e\u0130D ter\u00f6r \u00f6rg\u00fct\u00fc k\u00fcmelenme ve toplanma merkezlerine bir dizi bombard\u0131man d\u00fczenledi\u011fini, bunun sonucunda onlarca ara\u00e7lar\u0131n\u0131 imha ettiklerini ve \u00e7ok say\u0131da ter\u00f6risti \u00f6ld\u00fcrd\u00fcklerini s\u00f6yledi.<\/p>\n","protected":false},"excerpt":{"rendered":"<p>Askeri kaynak SANA\u2019ya a.\u0131klamas\u0131na hava silah\u0131m\u0131z\u0131n Homs do\u011fu k\u0131rsal\u0131 Um Sahric, el \u015eair ve Cezil kuyular\u0131 kuzey, Um el Ri\u015f ve Resm el Rek B\u00f6lgelerinde I\u015e\u0130D ter\u00f6r \u00f6rg\u00fct\u00fc k\u00fcmelenme ve toplanma merkezlerine bir dizi bombard\u0131man d\u00fczenledi\u011fini, bunun sonucunda onlarca ara\u00e7lar\u0131n\u0131 imha ettiklerini ve \u00e7ok say\u0131da ter\u00f6risti \u00f6ld\u00fcrd\u00fcklerini s\u00f6yledi.<\/p>\n","protected":false},"author":1,"featured_media":0,"comment_status":"closed","ping_status":"closed","sticky":false,"template":"","format":"standard","meta":{"footnotes":""},"categories":[1],"tags":[14333,14336,14334,14335],"class_list":["post-32255","post","type-post","status-publish","format-standard","","category-news-not-sorted","tag-askeri-kaynak-sanaya-a-iklamasina-hava-silahimizin-homs-dogu-kirsali-um-sahric","tag-bunun-sonucunda-onlarca-araclarini-imha-ettiklerini-ve-cok-sayida-teroristi-oldurduklerini-soyledi","tag-el-sair-ve-cezil-kuyulari-kuzey","tag-um-el-ris-ve-resm-el-rek-bolgelerinde-isid-teror-orgutu-kumelenme-ve-toplanma-merkezlerine-bir-dizi-bombardiman-duzenledigini"],"_links":{"self":[{"href":"https:\/\/archive.sana.sy\/tr\/index.php?rest_route=\/wp\/v2\/posts\/32255","targetHints":{"allow":["GET"]}}],"collection":[{"href":"https:\/\/archive.sana.sy\/tr\/index.php?rest_route=\/wp\/v2\/posts"}],"about":[{"href":"https:\/\/archive.sana.sy\/tr\/index.php?rest_route=\/wp\/v2\/types\/post"}],"author":[{"embeddable":true,"href":"https:\/\/archive.sana.sy\/tr\/index.php?rest_route=\/wp\/v2\/users\/1"}],"replies":[{"embeddable":true,"href":"https:\/\/archive.sana.sy\/tr\/index.php?rest_route=%2Fwp%2Fv2%2Fcomments&post=32255"}],"version-history":[{"count":0,"href":"https:\/\/archive.sana.sy\/tr\/index.php?rest_route=\/wp\/v2\/posts\/32255\/revisions"}],"wp:attachment":[{"href":"https:\/\/archive.sana.sy\/tr\/index.php?rest_route=%2Fwp%2Fv2%2Fmedia&parent=32255"}],"wp:term":[{"taxonomy":"category","embeddable":true,"href":"https:\/\/archive.sana.sy\/tr\/index.php?rest_route=%2Fwp%2Fv2%2Fcategories&post=32255"},{"taxonomy":"post_tag","embeddable":true,"href":"https:\/\/archive.sana.sy\/tr\/index.php?rest_route=%2Fwp%2Fv2%2Ftags&post=32255"}],"curies":[{"name":"wp","href":"https:\/\/api.w.org\/{rel}","templated":true}]}}