{"id":322562,"date":"2025-06-04T15:54:48","date_gmt":"2025-06-04T12:54:48","guid":{"rendered":"https:\/\/sana.sy\/tr\/?p=322562"},"modified":"2025-06-06T12:37:12","modified_gmt":"2025-06-06T09:37:12","slug":"disisleri-bakani-sirbistan-cumhuriyeti-heyetiyle-gorustu","status":"publish","type":"post","link":"https:\/\/archive.sana.sy\/tr\/?p=322562","title":{"rendered":"D\u0131\u015fi\u015fleri Bakan\u0131, S\u0131rbistan Cumhuriyeti Heyetiyle G\u00f6r\u00fc\u015ft\u00fc"},"content":{"rendered":"<p style=\"text-align: justify;\"><strong><span style=\"color: #ff0000;\">\u015eAM (SANA)<\/span> &#8211; <\/strong>D\u0131\u015fi\u015fleri Bakan\u0131 Asaad El \u015eeybani, Uzla\u015fma, B\u00f6lgesel \u0130\u015fbirli\u011fi ve Sosyal \u0130stikrar Devlet Bakan\u0131 Osama Zukorli\u0107 ba\u015fkanl\u0131\u011f\u0131ndaki S\u0131rbistan Cumhuriyeti heyetiyle \u015eam&#8217;da bir araya geldi.<\/p>\n<p style=\"text-align: justify;\">G\u00f6r\u00fc\u015fmede ortak ilgi alanlar\u0131 ve iki \u00fclke aras\u0131ndaki ikili ili\u015fkileri her iki halk\u0131n \u00e7\u0131karlar\u0131na hizmet edecek \u015fekilde g\u00fc\u00e7lendirmenin yollar\u0131 ele al\u0131nd\u0131.<\/p>\n<div id='gallery-1' class='gallery galleryid-322562 gallery-columns-1 gallery-size-full'><figure class='gallery-item'>\n\t\t\t<div class='gallery-icon landscape'>\n\t\t\t\t<a href='https:\/\/archive.sana.sy\/tr\/?attachment_id=322564'><img loading=\"lazy\" decoding=\"async\" width=\"1280\" height=\"718\" src=\"https:\/\/archive.sana.sy\/tr\/wp-content\/uploads\/2025\/06\/photo_2025-06-04_15-46-35.jpg\" class=\"attachment-full size-full\" alt=\"\" srcset=\"https:\/\/archive.sana.sy\/tr\/wp-content\/uploads\/2025\/06\/photo_2025-06-04_15-46-35.jpg 1280w, https:\/\/archive.sana.sy\/tr\/wp-content\/uploads\/2025\/06\/photo_2025-06-04_15-46-35-300x168.jpg 300w, https:\/\/archive.sana.sy\/tr\/wp-content\/uploads\/2025\/06\/photo_2025-06-04_15-46-35-1024x574.jpg 1024w, https:\/\/archive.sana.sy\/tr\/wp-content\/uploads\/2025\/06\/photo_2025-06-04_15-46-35-768x431.jpg 768w\" sizes=\"auto, (max-width: 1280px) 100vw, 1280px\" \/><\/a>\n\t\t\t<\/div><\/figure>\n\t\t<\/div>\n\n<p>&nbsp;<\/p>\n<p>&nbsp;<\/p>\n","protected":false},"excerpt":{"rendered":"<p>\u015eAM (SANA) &#8211; D\u0131\u015fi\u015fleri Bakan\u0131 Asaad El \u015eeybani, Uzla\u015fma, B\u00f6lgesel \u0130\u015fbirli\u011fi ve Sosyal \u0130stikrar Devlet Bakan\u0131 Osama Zukorli\u0107 ba\u015fkanl\u0131\u011f\u0131ndaki S\u0131rbistan Cumhuriyeti heyetiyle \u015eam&#8217;da bir araya geldi. G\u00f6r\u00fc\u015fmede ortak ilgi alanlar\u0131 ve iki \u00fclke aras\u0131ndaki ikili ili\u015fkileri her iki halk\u0131n \u00e7\u0131karlar\u0131na hizmet edecek \u015fekilde g\u00fc\u00e7lendirmenin yollar\u0131 ele al\u0131nd\u0131. &nbsp; &nbsp;<\/p>\n","protected":false},"author":41,"featured_media":322563,"comment_status":"closed","ping_status":"closed","sticky":false,"template":"","format":"standard","meta":{"footnotes":""},"categories":[589,479,478],"tags":[],"class_list":["post-322562","post","type-post","status-publish","format-standard","has-post-thumbnail","","category-haber-seridi","category-haberler-yerel","category-yerel"],"_links":{"self":[{"href":"https:\/\/archive.sana.sy\/tr\/index.php?rest_route=\/wp\/v2\/posts\/322562","targetHints":{"allow":["GET"]}}],"collection":[{"href":"https:\/\/archive.sana.sy\/tr\/index.php?rest_route=\/wp\/v2\/posts"}],"about":[{"href":"https:\/\/archive.sana.sy\/tr\/index.php?rest_route=\/wp\/v2\/types\/post"}],"author":[{"embeddable":true,"href":"https:\/\/archive.sana.sy\/tr\/index.php?rest_route=\/wp\/v2\/users\/41"}],"replies":[{"embeddable":true,"href":"https:\/\/archive.sana.sy\/tr\/index.php?rest_route=%2Fwp%2Fv2%2Fcomments&post=322562"}],"version-history":[{"count":1,"href":"https:\/\/archive.sana.sy\/tr\/index.php?rest_route=\/wp\/v2\/posts\/322562\/revisions"}],"predecessor-version":[{"id":322565,"href":"https:\/\/archive.sana.sy\/tr\/index.php?rest_route=\/wp\/v2\/posts\/322562\/revisions\/322565"}],"wp:featuredmedia":[{"embeddable":true,"href":"https:\/\/archive.sana.sy\/tr\/index.php?rest_route=\/wp\/v2\/media\/322563"}],"wp:attachment":[{"href":"https:\/\/archive.sana.sy\/tr\/index.php?rest_route=%2Fwp%2Fv2%2Fmedia&parent=322562"}],"wp:term":[{"taxonomy":"category","embeddable":true,"href":"https:\/\/archive.sana.sy\/tr\/index.php?rest_route=%2Fwp%2Fv2%2Fcategories&post=322562"},{"taxonomy":"post_tag","embeddable":true,"href":"https:\/\/archive.sana.sy\/tr\/index.php?rest_route=%2Fwp%2Fv2%2Ftags&post=322562"}],"curies":[{"name":"wp","href":"https:\/\/api.w.org\/{rel}","templated":true}]}}