{"id":322566,"date":"2025-06-04T16:01:15","date_gmt":"2025-06-04T13:01:15","guid":{"rendered":"https:\/\/sana.sy\/tr\/?p=322566"},"modified":"2025-06-04T16:01:15","modified_gmt":"2025-06-04T13:01:15","slug":"turk-savunma-bakani-suriyenin-toprak-butunlugunu-koruma-cabalarini-destekliyoruz","status":"publish","type":"post","link":"https:\/\/archive.sana.sy\/tr\/?p=322566","title":{"rendered":"T\u00fcrk Savunma Bakan\u0131: Suriye&#8217;nin Toprak B\u00fct\u00fcnl\u00fc\u011f\u00fcn\u00fc Koruma \u00c7abalar\u0131n\u0131 Destekliyoruz"},"content":{"rendered":"<p style=\"text-align: justify;\"><span style=\"color: #ff0000;\"><strong>ANKARA (SANA)<\/strong> <\/span>&#8211;\u00a0 T\u00fcrk Savunma Bakan\u0131 Ya\u015far G\u00fcler, \u00fclkesinin Suriye&#8217;nin toprak b\u00fct\u00fcnl\u00fc\u011f\u00fcn\u00fc ve istikrar\u0131n\u0131 koruma \u00e7abalar\u0131n\u0131 destekledi\u011fini do\u011frulad\u0131.<\/p>\n<p style=\"text-align: justify;\">G\u00fcler, Reuters&#8217;a verdi\u011fi r\u00f6portajda \u015funlar\u0131 s\u00f6yledi: &#8220;T\u00fcrkiye&#8217;nin Suriye&#8217;deki temel \u00f6nceli\u011fi toprak b\u00fct\u00fcnl\u00fc\u011f\u00fcn\u00fc korumak ve ter\u00f6rizmi ortadan kald\u0131rmakt\u0131r.&#8221;<\/p>\n<p style=\"text-align: justify;\">Bakan G\u00fcler ayr\u0131ca \u015fu ifadeleri kulland\u0131: \u00a0&#8220;Suriye&#8217;nin savunma yeteneklerini geli\u015ftirmek i\u00e7in ad\u0131mlar atarken askeri e\u011fitim ve dan\u0131\u015fmanl\u0131k hizmetleri vermeye ba\u015flad\u0131k.&#8221;<\/p>\n","protected":false},"excerpt":{"rendered":"<p>ANKARA (SANA) &#8211;\u00a0 T\u00fcrk Savunma Bakan\u0131 Ya\u015far G\u00fcler, \u00fclkesinin Suriye&#8217;nin toprak b\u00fct\u00fcnl\u00fc\u011f\u00fcn\u00fc ve istikrar\u0131n\u0131 koruma \u00e7abalar\u0131n\u0131 destekledi\u011fini do\u011frulad\u0131. G\u00fcler, Reuters&#8217;a verdi\u011fi r\u00f6portajda \u015funlar\u0131 s\u00f6yledi: &#8220;T\u00fcrkiye&#8217;nin Suriye&#8217;deki temel \u00f6nceli\u011fi toprak b\u00fct\u00fcnl\u00fc\u011f\u00fcn\u00fc korumak ve ter\u00f6rizmi ortadan kald\u0131rmakt\u0131r.&#8221; Bakan G\u00fcler ayr\u0131ca \u015fu ifadeleri kulland\u0131: \u00a0&#8220;Suriye&#8217;nin savunma yeteneklerini geli\u015ftirmek i\u00e7in ad\u0131mlar atarken askeri e\u011fitim ve dan\u0131\u015fmanl\u0131k hizmetleri vermeye ba\u015flad\u0131k.&#8221;<\/p>\n","protected":false},"author":41,"featured_media":322567,"comment_status":"closed","ping_status":"closed","sticky":false,"template":"","format":"standard","meta":{"footnotes":""},"categories":[589,17988,2554,2555],"tags":[],"class_list":["post-322566","post","type-post","status-publish","format-standard","has-post-thumbnail","","category-haber-seridi","category-son-haberler","category-suriye-ve-dunya","category-suriye-ve-turkiye"],"_links":{"self":[{"href":"https:\/\/archive.sana.sy\/tr\/index.php?rest_route=\/wp\/v2\/posts\/322566","targetHints":{"allow":["GET"]}}],"collection":[{"href":"https:\/\/archive.sana.sy\/tr\/index.php?rest_route=\/wp\/v2\/posts"}],"about":[{"href":"https:\/\/archive.sana.sy\/tr\/index.php?rest_route=\/wp\/v2\/types\/post"}],"author":[{"embeddable":true,"href":"https:\/\/archive.sana.sy\/tr\/index.php?rest_route=\/wp\/v2\/users\/41"}],"replies":[{"embeddable":true,"href":"https:\/\/archive.sana.sy\/tr\/index.php?rest_route=%2Fwp%2Fv2%2Fcomments&post=322566"}],"version-history":[{"count":1,"href":"https:\/\/archive.sana.sy\/tr\/index.php?rest_route=\/wp\/v2\/posts\/322566\/revisions"}],"predecessor-version":[{"id":322568,"href":"https:\/\/archive.sana.sy\/tr\/index.php?rest_route=\/wp\/v2\/posts\/322566\/revisions\/322568"}],"wp:featuredmedia":[{"embeddable":true,"href":"https:\/\/archive.sana.sy\/tr\/index.php?rest_route=\/wp\/v2\/media\/322567"}],"wp:attachment":[{"href":"https:\/\/archive.sana.sy\/tr\/index.php?rest_route=%2Fwp%2Fv2%2Fmedia&parent=322566"}],"wp:term":[{"taxonomy":"category","embeddable":true,"href":"https:\/\/archive.sana.sy\/tr\/index.php?rest_route=%2Fwp%2Fv2%2Fcategories&post=322566"},{"taxonomy":"post_tag","embeddable":true,"href":"https:\/\/archive.sana.sy\/tr\/index.php?rest_route=%2Fwp%2Fv2%2Ftags&post=322566"}],"curies":[{"name":"wp","href":"https:\/\/api.w.org\/{rel}","templated":true}]}}