{"id":322573,"date":"2025-06-04T18:01:26","date_gmt":"2025-06-04T15:01:26","guid":{"rendered":"https:\/\/sana.sy\/tr\/?p=322573"},"modified":"2025-06-04T18:02:02","modified_gmt":"2025-06-04T15:02:02","slug":"yolcularin-kurban-bayrami-tatili-boyunca-turkiye-ile-olan-sinir-kapilarindan-gecislerine-izin-verildi","status":"publish","type":"post","link":"https:\/\/archive.sana.sy\/tr\/?p=322573","title":{"rendered":"Yolcular\u0131n, Kurban Bayram\u0131 Tatili Boyunca T\u00fcrkiye \u0130le Olan S\u0131n\u0131r Kap\u0131lar\u0131ndan Ge\u00e7i\u015flerine \u0130zin Verildi"},"content":{"rendered":"<p style=\"text-align: justify;\"><span style=\"color: #ff0000;\"><strong>\u015eAM (SANA)<\/strong><\/span> &#8211; \u00a0Kara ve Deniz Limanlar\u0131 Genel M\u00fcd\u00fcrl\u00fc\u011f\u00fc, yolcular\u0131n Kurban Bayram\u0131 tatili boyunca saat 08.00-20.00 aras\u0131nda T\u00fcrkiye ile olan t\u00fcm s\u0131n\u0131r kap\u0131lar\u0131ndan ge\u00e7i\u015flerine izin verilece\u011fini duyurdu.<\/p>\n<p style=\"text-align: justify;\">M\u00fcd\u00fcrl\u00fck, resmi Telegram kanal\u0131nda yay\u0131mlad\u0131\u011f\u0131 genelgede \u015funlar\u0131 belirtti: \u2018\u2019Kurban Bayram\u0131 tatili s\u0131ras\u0131nda Suriye&#8217;ye seyahat etmek isteyen yolcular\u0131n talepleri do\u011frultusunda T\u00fcrk taraf\u0131yla koordinasyon sa\u011flanm\u0131\u015f olup, yolcular\u0131n Kurban Bayram\u0131 tatili boyunca T\u00fcrkiye ile olan t\u00fcm s\u0131n\u0131r kap\u0131lar\u0131ndan ge\u00e7i\u015flerine izin verilmesine karar verilmi\u015ftir.\u2019\u2019<\/p>\n<p style=\"text-align: justify;\">M\u00fcd\u00fcrl\u00fck ayr\u0131ca, t\u00fcm yolcular\u0131n belirtilen saatlere uymas\u0131n\u0131 isteyerek, herkese m\u00fcbarek Ramazan Bayram\u0131 ve g\u00fcvenli yolculuklar diledi.<\/p>\n","protected":false},"excerpt":{"rendered":"<p>\u015eAM (SANA) &#8211; \u00a0Kara ve Deniz Limanlar\u0131 Genel M\u00fcd\u00fcrl\u00fc\u011f\u00fc, yolcular\u0131n Kurban Bayram\u0131 tatili boyunca saat 08.00-20.00 aras\u0131nda T\u00fcrkiye ile olan t\u00fcm s\u0131n\u0131r kap\u0131lar\u0131ndan ge\u00e7i\u015flerine izin verilece\u011fini duyurdu. M\u00fcd\u00fcrl\u00fck, resmi Telegram kanal\u0131nda yay\u0131mlad\u0131\u011f\u0131 genelgede \u015funlar\u0131 belirtti: \u2018\u2019Kurban Bayram\u0131 tatili s\u0131ras\u0131nda Suriye&#8217;ye seyahat etmek isteyen yolcular\u0131n talepleri do\u011frultusunda T\u00fcrk taraf\u0131yla koordinasyon sa\u011flanm\u0131\u015f olup, yolcular\u0131n Kurban Bayram\u0131 tatili &hellip;<\/p>\n","protected":false},"author":41,"featured_media":322574,"comment_status":"closed","ping_status":"closed","sticky":false,"template":"","format":"standard","meta":{"footnotes":""},"categories":[589,479,17988,478],"tags":[],"class_list":["post-322573","post","type-post","status-publish","format-standard","has-post-thumbnail","","category-haber-seridi","category-haberler-yerel","category-son-haberler","category-yerel"],"_links":{"self":[{"href":"https:\/\/archive.sana.sy\/tr\/index.php?rest_route=\/wp\/v2\/posts\/322573","targetHints":{"allow":["GET"]}}],"collection":[{"href":"https:\/\/archive.sana.sy\/tr\/index.php?rest_route=\/wp\/v2\/posts"}],"about":[{"href":"https:\/\/archive.sana.sy\/tr\/index.php?rest_route=\/wp\/v2\/types\/post"}],"author":[{"embeddable":true,"href":"https:\/\/archive.sana.sy\/tr\/index.php?rest_route=\/wp\/v2\/users\/41"}],"replies":[{"embeddable":true,"href":"https:\/\/archive.sana.sy\/tr\/index.php?rest_route=%2Fwp%2Fv2%2Fcomments&post=322573"}],"version-history":[{"count":2,"href":"https:\/\/archive.sana.sy\/tr\/index.php?rest_route=\/wp\/v2\/posts\/322573\/revisions"}],"predecessor-version":[{"id":322576,"href":"https:\/\/archive.sana.sy\/tr\/index.php?rest_route=\/wp\/v2\/posts\/322573\/revisions\/322576"}],"wp:featuredmedia":[{"embeddable":true,"href":"https:\/\/archive.sana.sy\/tr\/index.php?rest_route=\/wp\/v2\/media\/322574"}],"wp:attachment":[{"href":"https:\/\/archive.sana.sy\/tr\/index.php?rest_route=%2Fwp%2Fv2%2Fmedia&parent=322573"}],"wp:term":[{"taxonomy":"category","embeddable":true,"href":"https:\/\/archive.sana.sy\/tr\/index.php?rest_route=%2Fwp%2Fv2%2Fcategories&post=322573"},{"taxonomy":"post_tag","embeddable":true,"href":"https:\/\/archive.sana.sy\/tr\/index.php?rest_route=%2Fwp%2Fv2%2Ftags&post=322573"}],"curies":[{"name":"wp","href":"https:\/\/api.w.org\/{rel}","templated":true}]}}