{"id":322577,"date":"2025-06-04T18:16:42","date_gmt":"2025-06-04T15:16:42","guid":{"rendered":"https:\/\/sana.sy\/tr\/?p=322577"},"modified":"2025-06-04T18:16:42","modified_gmt":"2025-06-04T15:16:42","slug":"turk-hava-yollari-ajet-sama-16-hazirandan-itibaren-ucus-baslatacak","status":"publish","type":"post","link":"https:\/\/archive.sana.sy\/tr\/?p=322577","title":{"rendered":"T\u00fcrk Hava Yollar\u0131 AJet, \u015eam&#8217;a 16 Haziran&#8217;dan \u0130tibaren U\u00e7u\u015f Ba\u015flatacak"},"content":{"rendered":"<p style=\"text-align: justify;\"><span style=\"color: #ff0000;\"><strong>ANKARA (SANA)<\/strong> &#8211;<\/span> \u00a0T\u00fcrk yetkililer bug\u00fcn T\u00fcrk Hava Yollar\u0131 AJET&#8217;in \u0130stanbul ve Ankara&#8217;dan ba\u015fkent \u015eam&#8217;a direkt u\u00e7u\u015flar ba\u015flatmaya ba\u015flayaca\u011f\u0131n\u0131 duyurdu.<\/p>\n<p style=\"text-align: justify;\">Anadolu Ajans\u0131, Ula\u015ft\u0131rma ve Altyap\u0131 Bakan\u0131 Abdulkadir Uralo\u011flu&#8217;nun bug\u00fcn yapt\u0131\u011f\u0131 a\u00e7\u0131klamada \u015funlar\u0131 s\u00f6yledi\u011fini aktard\u0131: &#8220;T\u00fcrk Hava Yollar\u0131&#8217;n\u0131n \u015eam&#8217;a ilk u\u00e7u\u015fu 16 Haziran&#8217;da \u0130stanbul Sabiha G\u00f6k\u00e7en Havaliman\u0131&#8217;ndan kalkacak.&#8221;<\/p>\n<p style=\"text-align: justify;\">Uralo\u011flu ayr\u0131ca, &#8220;Ankara&#8217;dan \u015eam&#8217;a u\u00e7u\u015flar 17 Haziran&#8217;da Esenbo\u011fa Havaliman\u0131&#8217;ndan \u015eam Uluslararas\u0131 Havaliman\u0131&#8217;na ba\u015flayacak&#8221; ifadelerini kulland\u0131.<\/p>\n<p style=\"text-align: justify;\">\u0130stanbul&#8217;dan \u015eam&#8217;a u\u00e7u\u015flar\u0131n haftada d\u00f6rt g\u00fcn, Ankara&#8217;dan \u015eam&#8217;a ise haftada \u00fc\u00e7 g\u00fcn, ikisi aras\u0131nda d\u00f6n\u00fc\u015f\u00fcml\u00fc olarak ger\u00e7ekle\u015ftirilece\u011fini a\u00e7\u0131klayan Bakan Uralo\u011flu, \u0130stanbul Sabiha G\u00f6k\u00e7en Havaliman\u0131&#8217;ndan \u015eam&#8217;a u\u00e7u\u015flar\u0131n \u00f6n\u00fcm\u00fczdeki Temmuz ay\u0131ndan itibaren haftada yedi g\u00fcne \u00e7\u0131kar\u0131lmas\u0131n\u0131n planland\u0131\u011f\u0131n\u0131 belirtti.<\/p>\n<p style=\"text-align: justify;\">Suriye Sivil Havac\u0131l\u0131k ve Hava Ula\u015ft\u0131rmas\u0131 Genel Otoritesi, bug\u00fcn \u0130stanbul&#8217;a u\u00e7u\u015flar\u0131n bu ay\u0131n 10&#8217;undan itibaren yeniden ba\u015flayaca\u011f\u0131n\u0131 duyurmu\u015ftu.<\/p>\n","protected":false},"excerpt":{"rendered":"<p>ANKARA (SANA) &#8211; \u00a0T\u00fcrk yetkililer bug\u00fcn T\u00fcrk Hava Yollar\u0131 AJET&#8217;in \u0130stanbul ve Ankara&#8217;dan ba\u015fkent \u015eam&#8217;a direkt u\u00e7u\u015flar ba\u015flatmaya ba\u015flayaca\u011f\u0131n\u0131 duyurdu. Anadolu Ajans\u0131, Ula\u015ft\u0131rma ve Altyap\u0131 Bakan\u0131 Abdulkadir Uralo\u011flu&#8217;nun bug\u00fcn yapt\u0131\u011f\u0131 a\u00e7\u0131klamada \u015funlar\u0131 s\u00f6yledi\u011fini aktard\u0131: &#8220;T\u00fcrk Hava Yollar\u0131&#8217;n\u0131n \u015eam&#8217;a ilk u\u00e7u\u015fu 16 Haziran&#8217;da \u0130stanbul Sabiha G\u00f6k\u00e7en Havaliman\u0131&#8217;ndan kalkacak.&#8221; Uralo\u011flu ayr\u0131ca, &#8220;Ankara&#8217;dan \u015eam&#8217;a u\u00e7u\u015flar 17 Haziran&#8217;da Esenbo\u011fa &hellip;<\/p>\n","protected":false},"author":41,"featured_media":322578,"comment_status":"closed","ping_status":"closed","sticky":false,"template":"","format":"standard","meta":{"footnotes":""},"categories":[589,17988,2554,2555],"tags":[],"class_list":["post-322577","post","type-post","status-publish","format-standard","has-post-thumbnail","","category-haber-seridi","category-son-haberler","category-suriye-ve-dunya","category-suriye-ve-turkiye"],"_links":{"self":[{"href":"https:\/\/archive.sana.sy\/tr\/index.php?rest_route=\/wp\/v2\/posts\/322577","targetHints":{"allow":["GET"]}}],"collection":[{"href":"https:\/\/archive.sana.sy\/tr\/index.php?rest_route=\/wp\/v2\/posts"}],"about":[{"href":"https:\/\/archive.sana.sy\/tr\/index.php?rest_route=\/wp\/v2\/types\/post"}],"author":[{"embeddable":true,"href":"https:\/\/archive.sana.sy\/tr\/index.php?rest_route=\/wp\/v2\/users\/41"}],"replies":[{"embeddable":true,"href":"https:\/\/archive.sana.sy\/tr\/index.php?rest_route=%2Fwp%2Fv2%2Fcomments&post=322577"}],"version-history":[{"count":1,"href":"https:\/\/archive.sana.sy\/tr\/index.php?rest_route=\/wp\/v2\/posts\/322577\/revisions"}],"predecessor-version":[{"id":322579,"href":"https:\/\/archive.sana.sy\/tr\/index.php?rest_route=\/wp\/v2\/posts\/322577\/revisions\/322579"}],"wp:featuredmedia":[{"embeddable":true,"href":"https:\/\/archive.sana.sy\/tr\/index.php?rest_route=\/wp\/v2\/media\/322578"}],"wp:attachment":[{"href":"https:\/\/archive.sana.sy\/tr\/index.php?rest_route=%2Fwp%2Fv2%2Fmedia&parent=322577"}],"wp:term":[{"taxonomy":"category","embeddable":true,"href":"https:\/\/archive.sana.sy\/tr\/index.php?rest_route=%2Fwp%2Fv2%2Fcategories&post=322577"},{"taxonomy":"post_tag","embeddable":true,"href":"https:\/\/archive.sana.sy\/tr\/index.php?rest_route=%2Fwp%2Fv2%2Ftags&post=322577"}],"curies":[{"name":"wp","href":"https:\/\/api.w.org\/{rel}","templated":true}]}}