{"id":32259,"date":"2015-05-06T13:06:22","date_gmt":"2015-05-06T10:06:22","guid":{"rendered":"http:\/\/sana.sy\/tr\/?p=32259"},"modified":"2015-05-06T13:06:22","modified_gmt":"2015-05-06T10:06:22","slug":"iran-disisleri-suriyedeki-krizin-siyasi-cozumunu-destekledigini-yineledi","status":"publish","type":"post","link":"https:\/\/archive.sana.sy\/tr\/?p=32259","title":{"rendered":"\u0130ran D\u0131\u015fi\u015fleri Suriye\u2019deki Krizin Siyasi \u00c7\u00f6z\u00fcm\u00fcn\u00fc Destekledi\u011fini Yineledi"},"content":{"rendered":"<p>TAHRAN \u2013 \u0130ran D\u0131\u015fi\u015fleri Bakanl\u0131\u011f\u0131 Suriye\u2019deki krizin siyasi \u00e7\u00f6z\u00fcm\u00fcn\u00fc desteklediklerini bir kez daha yineleyerek, Suriye h\u00fck\u00fcmetinin krizin bar\u0131\u015f\u00e7\u0131l siyasi \u00e7\u00f6z\u00fcm\u00fcn\u00fc, Suriye halk\u0131n\u0131n da kendi gelece\u011fini kendisinin kararla\u015ft\u0131raca\u011f\u0131n\u0131 belirtti\u011fini hat\u0131rlatt\u0131.<\/p>\n<p>\u0130ran D\u0131\u015fi\u015fleri Bakanl\u0131\u011f\u0131 S\u00f6zc\u00fcs\u00fc Murdiye Efham bug\u00fcn d\u00fczenledi\u011fi haftal\u0131k bas\u0131n toplant\u0131s\u0131nda, \u00fclkesinin Suriye\u2019deki krizin ba\u015flang\u0131c\u0131ndan beri siyasi \u00e7\u00f6z\u00fcm yollar\u0131 sundu\u011funu ve bunun i\u00e7in isti\u015fare ve haz\u0131rl\u0131klar\u0131n\u0131 s\u00fcrd\u00fcrd\u00fc\u011f\u00fcn\u00fc s\u00f6yledi.<\/p>\n<p>Efham, \u00fclkesinin ayr\u0131ca Suriyeli-Suriyeli diyalog ile ilgili isti\u015fareler hususundaki \u00f6nerisini de sundu\u011funu, BM Suriye \u00f6zel temsilcisi Stafan De Mistura\u2019n\u0131n da bu isti\u015fareleri ele ald\u0131\u011f\u0131n\u0131 ifade etti.<\/p>\n<p>S.\u015e. &#8211; R.H.<\/p>\n","protected":false},"excerpt":{"rendered":"<p>TAHRAN \u2013 \u0130ran D\u0131\u015fi\u015fleri Bakanl\u0131\u011f\u0131 Suriye\u2019deki krizin siyasi \u00e7\u00f6z\u00fcm\u00fcn\u00fc desteklediklerini bir kez daha yineleyerek, Suriye h\u00fck\u00fcmetinin krizin bar\u0131\u015f\u00e7\u0131l siyasi \u00e7\u00f6z\u00fcm\u00fcn\u00fc, Suriye halk\u0131n\u0131n da kendi gelece\u011fini kendisinin kararla\u015ft\u0131raca\u011f\u0131n\u0131 belirtti\u011fini hat\u0131rlatt\u0131. \u0130ran D\u0131\u015fi\u015fleri Bakanl\u0131\u011f\u0131 S\u00f6zc\u00fcs\u00fc Murdiye Efham bug\u00fcn d\u00fczenledi\u011fi haftal\u0131k bas\u0131n toplant\u0131s\u0131nda, \u00fclkesinin Suriye\u2019deki krizin ba\u015flang\u0131c\u0131ndan beri siyasi \u00e7\u00f6z\u00fcm yollar\u0131 sundu\u011funu ve bunun i\u00e7in isti\u015fare ve haz\u0131rl\u0131klar\u0131n\u0131 &hellip;<\/p>\n","protected":false},"author":1,"featured_media":32260,"comment_status":"closed","ping_status":"closed","sticky":false,"template":"","format":"standard","meta":{"footnotes":""},"categories":[458,459,447],"tags":[],"class_list":["post-32259","post","type-post","status-publish","format-standard","has-post-thumbnail","","category-dunya1","category-haberler-arap-uluslararasi-politika","category-politika"],"_links":{"self":[{"href":"https:\/\/archive.sana.sy\/tr\/index.php?rest_route=\/wp\/v2\/posts\/32259","targetHints":{"allow":["GET"]}}],"collection":[{"href":"https:\/\/archive.sana.sy\/tr\/index.php?rest_route=\/wp\/v2\/posts"}],"about":[{"href":"https:\/\/archive.sana.sy\/tr\/index.php?rest_route=\/wp\/v2\/types\/post"}],"author":[{"embeddable":true,"href":"https:\/\/archive.sana.sy\/tr\/index.php?rest_route=\/wp\/v2\/users\/1"}],"replies":[{"embeddable":true,"href":"https:\/\/archive.sana.sy\/tr\/index.php?rest_route=%2Fwp%2Fv2%2Fcomments&post=32259"}],"version-history":[{"count":0,"href":"https:\/\/archive.sana.sy\/tr\/index.php?rest_route=\/wp\/v2\/posts\/32259\/revisions"}],"wp:featuredmedia":[{"embeddable":true,"href":"https:\/\/archive.sana.sy\/tr\/index.php?rest_route=\/wp\/v2\/media\/32260"}],"wp:attachment":[{"href":"https:\/\/archive.sana.sy\/tr\/index.php?rest_route=%2Fwp%2Fv2%2Fmedia&parent=32259"}],"wp:term":[{"taxonomy":"category","embeddable":true,"href":"https:\/\/archive.sana.sy\/tr\/index.php?rest_route=%2Fwp%2Fv2%2Fcategories&post=32259"},{"taxonomy":"post_tag","embeddable":true,"href":"https:\/\/archive.sana.sy\/tr\/index.php?rest_route=%2Fwp%2Fv2%2Ftags&post=32259"}],"curies":[{"name":"wp","href":"https:\/\/api.w.org\/{rel}","templated":true}]}}