{"id":322605,"date":"2025-06-05T09:32:32","date_gmt":"2025-06-05T06:32:32","guid":{"rendered":"https:\/\/sana.sy\/tr\/?p=322605"},"modified":"2025-06-05T15:55:30","modified_gmt":"2025-06-05T12:55:30","slug":"sivil-havacilik-ve-hava-ulastirma-genel-mudurlugu-suriye-havayollarinin-istanbula-ilk-ucusu-10-haziranda-yapilacak","status":"publish","type":"post","link":"https:\/\/archive.sana.sy\/tr\/?p=322605","title":{"rendered":"Sivil Havac\u0131l\u0131k ve Hava Ula\u015ft\u0131rma Genel M\u00fcd\u00fcrl\u00fc\u011f\u00fc: Suriye Havayollar\u0131&#8217;n\u0131n \u0130stanbul&#8217;a \u0130lk U\u00e7u\u015fu 10 Haziran\u2019da Yap\u0131lacak"},"content":{"rendered":"<p style=\"text-align: justify;\"><strong><span style=\"color: #ff0000;\">\u015eAM (SANA)<\/span> \u2013<\/strong> Sivil Havac\u0131l\u0131k ve Hava Ula\u015ft\u0131rma Genel M\u00fcd\u00fcrl\u00fc\u011f\u00fc, bug\u00fcn yapt\u0131\u011f\u0131 a\u00e7\u0131klamada, Suriye Havayollar\u0131\u2019n\u0131n \u0130stanbul\u2019a u\u00e7u\u015flara ba\u015flayaca\u011f\u0131n\u0131 duyurdu.<\/p>\n<p style=\"text-align: justify;\">Genel M\u00fcd\u00fcrl\u00fck, Telegram kanal\u0131 \u00fczerinden yapt\u0131\u011f\u0131 a\u00e7\u0131klamada, \u015eam Uluslararas\u0131 Havaliman\u0131\u2019ndan \u0130stanbul Havaliman\u0131\u2019na yap\u0131lacak ilk seferin, bu ay\u0131n 10\u2019unda ger\u00e7ekle\u015fece\u011fini belirtti.<\/p>\n<p style=\"text-align: justify;\">A\u00e7\u0131klamada, seyahat etmek isteyen yolcular\u0131n, u\u00e7u\u015flarla ilgili bilgi almak ve rezervasyon yapt\u0131rmak \u00fczere Suriye Havayollar\u0131\u2019n\u0131n yetkili ofislerine ba\u015fvurabilecekleri ifade edildi.<\/p>\n<p style=\"text-align: justify;\">Yetkililer ayr\u0131ca, \u00e7evrim i\u00e7i bilet rezervasyon hizmetinin \u015fu anda devrede olmad\u0131\u011f\u0131n\u0131, ancak en k\u0131sa s\u00fcrede hizmete sunulmas\u0131 i\u00e7in \u00e7al\u0131\u015fmalar\u0131n s\u00fcrd\u00fc\u011f\u00fcn\u00fc kaydetti.<\/p>\n","protected":false},"excerpt":{"rendered":"<p>\u015eAM (SANA) \u2013 Sivil Havac\u0131l\u0131k ve Hava Ula\u015ft\u0131rma Genel M\u00fcd\u00fcrl\u00fc\u011f\u00fc, bug\u00fcn yapt\u0131\u011f\u0131 a\u00e7\u0131klamada, Suriye Havayollar\u0131\u2019n\u0131n \u0130stanbul\u2019a u\u00e7u\u015flara ba\u015flayaca\u011f\u0131n\u0131 duyurdu. Genel M\u00fcd\u00fcrl\u00fck, Telegram kanal\u0131 \u00fczerinden yapt\u0131\u011f\u0131 a\u00e7\u0131klamada, \u015eam Uluslararas\u0131 Havaliman\u0131\u2019ndan \u0130stanbul Havaliman\u0131\u2019na yap\u0131lacak ilk seferin, bu ay\u0131n 10\u2019unda ger\u00e7ekle\u015fece\u011fini belirtti. A\u00e7\u0131klamada, seyahat etmek isteyen yolcular\u0131n, u\u00e7u\u015flarla ilgili bilgi almak ve rezervasyon yapt\u0131rmak \u00fczere Suriye Havayollar\u0131\u2019n\u0131n yetkili &hellip;<\/p>\n","protected":false},"author":39,"featured_media":322606,"comment_status":"closed","ping_status":"closed","sticky":false,"template":"","format":"standard","meta":{"footnotes":""},"categories":[589,479,17988,2554,2555,478],"tags":[],"class_list":["post-322605","post","type-post","status-publish","format-standard","has-post-thumbnail","","category-haber-seridi","category-haberler-yerel","category-son-haberler","category-suriye-ve-dunya","category-suriye-ve-turkiye","category-yerel"],"_links":{"self":[{"href":"https:\/\/archive.sana.sy\/tr\/index.php?rest_route=\/wp\/v2\/posts\/322605","targetHints":{"allow":["GET"]}}],"collection":[{"href":"https:\/\/archive.sana.sy\/tr\/index.php?rest_route=\/wp\/v2\/posts"}],"about":[{"href":"https:\/\/archive.sana.sy\/tr\/index.php?rest_route=\/wp\/v2\/types\/post"}],"author":[{"embeddable":true,"href":"https:\/\/archive.sana.sy\/tr\/index.php?rest_route=\/wp\/v2\/users\/39"}],"replies":[{"embeddable":true,"href":"https:\/\/archive.sana.sy\/tr\/index.php?rest_route=%2Fwp%2Fv2%2Fcomments&post=322605"}],"version-history":[{"count":2,"href":"https:\/\/archive.sana.sy\/tr\/index.php?rest_route=\/wp\/v2\/posts\/322605\/revisions"}],"predecessor-version":[{"id":322624,"href":"https:\/\/archive.sana.sy\/tr\/index.php?rest_route=\/wp\/v2\/posts\/322605\/revisions\/322624"}],"wp:featuredmedia":[{"embeddable":true,"href":"https:\/\/archive.sana.sy\/tr\/index.php?rest_route=\/wp\/v2\/media\/322606"}],"wp:attachment":[{"href":"https:\/\/archive.sana.sy\/tr\/index.php?rest_route=%2Fwp%2Fv2%2Fmedia&parent=322605"}],"wp:term":[{"taxonomy":"category","embeddable":true,"href":"https:\/\/archive.sana.sy\/tr\/index.php?rest_route=%2Fwp%2Fv2%2Fcategories&post=322605"},{"taxonomy":"post_tag","embeddable":true,"href":"https:\/\/archive.sana.sy\/tr\/index.php?rest_route=%2Fwp%2Fv2%2Ftags&post=322605"}],"curies":[{"name":"wp","href":"https:\/\/api.w.org\/{rel}","templated":true}]}}