{"id":322615,"date":"2025-06-05T12:53:23","date_gmt":"2025-06-05T09:53:23","guid":{"rendered":"https:\/\/sana.sy\/tr\/?p=322615"},"modified":"2025-06-05T15:59:06","modified_gmt":"2025-06-05T12:59:06","slug":"trump-suriyeyi-abd-seyahat-yasagi-listesinden-cikardi","status":"publish","type":"post","link":"https:\/\/archive.sana.sy\/tr\/?p=322615","title":{"rendered":"Trump, Suriye\u2019yi ABD Seyahat Yasa\u011f\u0131 Listesinden \u00c7\u0131kard\u0131"},"content":{"rendered":"<p style=\"text-align: justify;\"><strong><span style=\"color: #ff0000;\">VA\u015e\u0130NGTON (SANA)<\/span> \u2013 <\/strong>Amerika Birle\u015fik Devletleri Ba\u015fkan\u0131 Donald Trump, Suriye\u2019yi ABD\u2019ye seyahati yasaklanan \u00fclkeler listesinden \u00e7\u0131kard\u0131.<\/p>\n<p style=\"text-align: justify;\">CNN, Suriye&#8217;nin yasakl\u0131 Arap \u00fclkeleri listesine dahil edilmedi\u011fini, daha \u00f6nce Trump&#8217;\u0131n 2017&#8217;de vatanda\u015flar\u0131na ABD&#8217;ye seyahat yasa\u011f\u0131 koydu\u011fu \u00fclkeler listesinde yer ald\u0131\u011f\u0131n\u0131 a\u00e7\u0131klad\u0131.<\/p>\n<p style=\"text-align: justify;\">Trump\u2019\u0131n bu kez ilan etti\u011fi yasak kapsam\u0131nda, 12 \u00fclkenin vatanda\u015flar\u0131n\u0131n ABD\u2019ye giri\u015fine tamamen k\u0131s\u0131tlama getirilecek. Bu \u00fclkeler \u015funlard\u0131r: \u201cAfganistan, Myanmar, \u00c7ad, Kongo, Ekvator Ginesi, Eritre, Haiti, \u0130ran, Libya, Somali, Sudan ve Yemen\u201d.<\/p>\n<p style=\"text-align: justify;\">Ayr\u0131ca yedi \u00fclkenin vatanda\u015flar\u0131 i\u00e7in ise k\u0131smi k\u0131s\u0131tlamalar uygulanacak. Bu \u00fclkeler: \u201cBurundi, K\u00fcba, Laos, Sierra Leone, Togo, T\u00fcrkmenistan ve Venez\u00fcela\u201d.<\/p>\n<p style=\"text-align: justify;\">Beyaz Saray, Trump\u2019\u0131n uygulad\u0131\u011f\u0131 seyahat yasa\u011f\u0131n\u0131, \u201c\u00fclkeye girmek ve zarar vermek isteyen tehlikeli yabanc\u0131 unsurlardan Amerikal\u0131lar\u0131 koruma\u201d y\u00f6n\u00fcndeki se\u00e7im vaadine ba\u011fl\u0131l\u0131k olarak nitelendirdi.<\/p>\n","protected":false},"excerpt":{"rendered":"<p>VA\u015e\u0130NGTON (SANA) \u2013 Amerika Birle\u015fik Devletleri Ba\u015fkan\u0131 Donald Trump, Suriye\u2019yi ABD\u2019ye seyahati yasaklanan \u00fclkeler listesinden \u00e7\u0131kard\u0131. CNN, Suriye&#8217;nin yasakl\u0131 Arap \u00fclkeleri listesine dahil edilmedi\u011fini, daha \u00f6nce Trump&#8217;\u0131n 2017&#8217;de vatanda\u015flar\u0131na ABD&#8217;ye seyahat yasa\u011f\u0131 koydu\u011fu \u00fclkeler listesinde yer ald\u0131\u011f\u0131n\u0131 a\u00e7\u0131klad\u0131. Trump\u2019\u0131n bu kez ilan etti\u011fi yasak kapsam\u0131nda, 12 \u00fclkenin vatanda\u015flar\u0131n\u0131n ABD\u2019ye giri\u015fine tamamen k\u0131s\u0131tlama getirilecek. Bu \u00fclkeler &hellip;<\/p>\n","protected":false},"author":39,"featured_media":322616,"comment_status":"closed","ping_status":"closed","sticky":false,"template":"","format":"standard","meta":{"footnotes":""},"categories":[458,589,459,17988],"tags":[],"class_list":["post-322615","post","type-post","status-publish","format-standard","has-post-thumbnail","","category-dunya1","category-haber-seridi","category-haberler-arap-uluslararasi-politika","category-son-haberler"],"_links":{"self":[{"href":"https:\/\/archive.sana.sy\/tr\/index.php?rest_route=\/wp\/v2\/posts\/322615","targetHints":{"allow":["GET"]}}],"collection":[{"href":"https:\/\/archive.sana.sy\/tr\/index.php?rest_route=\/wp\/v2\/posts"}],"about":[{"href":"https:\/\/archive.sana.sy\/tr\/index.php?rest_route=\/wp\/v2\/types\/post"}],"author":[{"embeddable":true,"href":"https:\/\/archive.sana.sy\/tr\/index.php?rest_route=\/wp\/v2\/users\/39"}],"replies":[{"embeddable":true,"href":"https:\/\/archive.sana.sy\/tr\/index.php?rest_route=%2Fwp%2Fv2%2Fcomments&post=322615"}],"version-history":[{"count":3,"href":"https:\/\/archive.sana.sy\/tr\/index.php?rest_route=\/wp\/v2\/posts\/322615\/revisions"}],"predecessor-version":[{"id":322627,"href":"https:\/\/archive.sana.sy\/tr\/index.php?rest_route=\/wp\/v2\/posts\/322615\/revisions\/322627"}],"wp:featuredmedia":[{"embeddable":true,"href":"https:\/\/archive.sana.sy\/tr\/index.php?rest_route=\/wp\/v2\/media\/322616"}],"wp:attachment":[{"href":"https:\/\/archive.sana.sy\/tr\/index.php?rest_route=%2Fwp%2Fv2%2Fmedia&parent=322615"}],"wp:term":[{"taxonomy":"category","embeddable":true,"href":"https:\/\/archive.sana.sy\/tr\/index.php?rest_route=%2Fwp%2Fv2%2Fcategories&post=322615"},{"taxonomy":"post_tag","embeddable":true,"href":"https:\/\/archive.sana.sy\/tr\/index.php?rest_route=%2Fwp%2Fv2%2Ftags&post=322615"}],"curies":[{"name":"wp","href":"https:\/\/api.w.org\/{rel}","templated":true}]}}