{"id":322618,"date":"2025-06-05T14:33:48","date_gmt":"2025-06-05T11:33:48","guid":{"rendered":"https:\/\/sana.sy\/tr\/?p=322618"},"modified":"2025-06-05T16:00:20","modified_gmt":"2025-06-05T13:00:20","slug":"yerel-yonetimler-bakan-yardimcisi-birlesmis-milletler-kalkinma-programi-heyetiyle-isbirligi-yollarini-gorustu","status":"publish","type":"post","link":"https:\/\/archive.sana.sy\/tr\/?p=322618","title":{"rendered":"Yerel Y\u00f6netim Bakan Yard\u0131mc\u0131s\u0131, Birle\u015fmi\u015f Milletler Kalk\u0131nma Program\u0131 Heyetiyle \u0130\u015fbirli\u011fi Yollar\u0131n\u0131 G\u00f6r\u00fc\u015ft\u00fc"},"content":{"rendered":"<p style=\"text-align: justify;\"><strong><span style=\"color: #ff0000;\">\u015eAM (SANA)<\/span> \u2013 <\/strong>Yerel Y\u00f6netim ve \u00c7evre Bakan Yard\u0131mc\u0131s\u0131 Yusuf Hasan \u015earaf, Birle\u015fmi\u015f Milletler Kalk\u0131nma Program\u0131 (UNDP) Suriye ofisinden teknisyenlerle i\u015fbirli\u011fi, koordinasyon ve teknik uzmanl\u0131k al\u0131\u015fveri\u015fi yollar\u0131n\u0131 g\u00f6r\u00fc\u015ft\u00fc.<\/p>\n<p style=\"text-align: justify;\">\u015eam&#8217;daki Bakanl\u0131k binas\u0131nda d\u00fczenlenen g\u00f6r\u00fc\u015fmede iklim de\u011fi\u015fikli\u011fi, biyolojik \u00e7e\u015fitlilik ve arazi bozulmas\u0131 konular\u0131n\u0131 kapsayan ortak i\u015f birli\u011fi planlar\u0131 ele al\u0131narak, gelecekteki planlar\u0131 g\u00f6r\u00fc\u015fmek \u00fczere ortak bir komite \u00f6nerildi.<\/p>\n<p style=\"text-align: justify;\">Yerel Y\u00f6netim ve \u00c7evre Bakan Yard\u0131mc\u0131s\u0131 ayr\u0131ca, Bakanl\u0131\u011f\u0131n \u00e7evre sekt\u00f6r\u00fcne ve ilgili konulara b\u00fcy\u00fck \u00f6nem verdi\u011fini ve ortak ilgi duyulan konularda ilgili kurulu\u015flarla h\u00fck\u00fcmet \u00e7abalar\u0131n\u0131 birle\u015ftirmenin elzem oldu\u011funu vurgulayarak, prosed\u00fcrleri basitle\u015ftirmenin, ulusal ve sekt\u00f6rel d\u00fczeylerde kapasite olu\u015fturman\u0131n ve ulusal \u00f6nceliklere uygun olarak entegre faaliyetlerin uygulanmas\u0131n\u0131n \u00f6nemine dikkat \u00e7ekti.<\/p>\n","protected":false},"excerpt":{"rendered":"<p>\u015eAM (SANA) \u2013 Yerel Y\u00f6netim ve \u00c7evre Bakan Yard\u0131mc\u0131s\u0131 Yusuf Hasan \u015earaf, Birle\u015fmi\u015f Milletler Kalk\u0131nma Program\u0131 (UNDP) Suriye ofisinden teknisyenlerle i\u015fbirli\u011fi, koordinasyon ve teknik uzmanl\u0131k al\u0131\u015fveri\u015fi yollar\u0131n\u0131 g\u00f6r\u00fc\u015ft\u00fc. \u015eam&#8217;daki Bakanl\u0131k binas\u0131nda d\u00fczenlenen g\u00f6r\u00fc\u015fmede iklim de\u011fi\u015fikli\u011fi, biyolojik \u00e7e\u015fitlilik ve arazi bozulmas\u0131 konular\u0131n\u0131 kapsayan ortak i\u015f birli\u011fi planlar\u0131 ele al\u0131narak, gelecekteki planlar\u0131 g\u00f6r\u00fc\u015fmek \u00fczere ortak bir komite &hellip;<\/p>\n","protected":false},"author":39,"featured_media":322619,"comment_status":"closed","ping_status":"closed","sticky":false,"template":"","format":"standard","meta":{"footnotes":""},"categories":[589,479,17988,478],"tags":[],"class_list":["post-322618","post","type-post","status-publish","format-standard","has-post-thumbnail","","category-haber-seridi","category-haberler-yerel","category-son-haberler","category-yerel"],"_links":{"self":[{"href":"https:\/\/archive.sana.sy\/tr\/index.php?rest_route=\/wp\/v2\/posts\/322618","targetHints":{"allow":["GET"]}}],"collection":[{"href":"https:\/\/archive.sana.sy\/tr\/index.php?rest_route=\/wp\/v2\/posts"}],"about":[{"href":"https:\/\/archive.sana.sy\/tr\/index.php?rest_route=\/wp\/v2\/types\/post"}],"author":[{"embeddable":true,"href":"https:\/\/archive.sana.sy\/tr\/index.php?rest_route=\/wp\/v2\/users\/39"}],"replies":[{"embeddable":true,"href":"https:\/\/archive.sana.sy\/tr\/index.php?rest_route=%2Fwp%2Fv2%2Fcomments&post=322618"}],"version-history":[{"count":3,"href":"https:\/\/archive.sana.sy\/tr\/index.php?rest_route=\/wp\/v2\/posts\/322618\/revisions"}],"predecessor-version":[{"id":322628,"href":"https:\/\/archive.sana.sy\/tr\/index.php?rest_route=\/wp\/v2\/posts\/322618\/revisions\/322628"}],"wp:featuredmedia":[{"embeddable":true,"href":"https:\/\/archive.sana.sy\/tr\/index.php?rest_route=\/wp\/v2\/media\/322619"}],"wp:attachment":[{"href":"https:\/\/archive.sana.sy\/tr\/index.php?rest_route=%2Fwp%2Fv2%2Fmedia&parent=322618"}],"wp:term":[{"taxonomy":"category","embeddable":true,"href":"https:\/\/archive.sana.sy\/tr\/index.php?rest_route=%2Fwp%2Fv2%2Fcategories&post=322618"},{"taxonomy":"post_tag","embeddable":true,"href":"https:\/\/archive.sana.sy\/tr\/index.php?rest_route=%2Fwp%2Fv2%2Ftags&post=322618"}],"curies":[{"name":"wp","href":"https:\/\/api.w.org\/{rel}","templated":true}]}}