{"id":322629,"date":"2025-06-05T16:07:12","date_gmt":"2025-06-05T13:07:12","guid":{"rendered":"https:\/\/sana.sy\/tr\/?p=322629"},"modified":"2025-06-05T16:07:12","modified_gmt":"2025-06-05T13:07:12","slug":"erdogan-bolgedeki-kardes-ulkelerin-destegiyle-suriye-kalici-barisa-kavusacak","status":"publish","type":"post","link":"https:\/\/archive.sana.sy\/tr\/?p=322629","title":{"rendered":"Erdo\u011fan: B\u00f6lgedeki Karde\u015f \u00dclkelerin Deste\u011fiyle Suriye Kal\u0131c\u0131 Bar\u0131\u015fa Kavu\u015facak"},"content":{"rendered":"<p style=\"text-align: justify;\"><span style=\"color: #ff0000;\"><strong>ANKARA (SANA)<\/strong><\/span> &#8211;\u00a0 T\u00fcrkiye Cumhurba\u015fkan\u0131 Recep Tayyip Erdo\u011fan, b\u00f6lgedeki t\u00fcm karde\u015f \u00fclkelerin deste\u011fiyle Suriye&#8217;nin kal\u0131c\u0131 bar\u0131\u015fa kavu\u015faca\u011f\u0131n\u0131 ve eski g\u00f6rkemli g\u00fcnlerine d\u00f6nece\u011fini belirtti.<\/p>\n<p style=\"text-align: justify;\">Anadolu Ajans\u0131&#8217;n\u0131n yay\u0131nlad\u0131\u011f\u0131 Kurban Bayram\u0131 video mesaj\u0131nda \u200b\u200bErdo\u011fan, &#8220;Suriye&#8217;deki yeni y\u00f6netimin ulusal birlik, toprak b\u00fct\u00fcnl\u00fc\u011f\u00fcn\u00fcn korunmas\u0131 ve s\u00fcrd\u00fcr\u00fclebilir kalk\u0131nman\u0131n sa\u011flanmas\u0131 i\u00e7in verdi\u011fi m\u00fccadeleyi&#8221; \u00f6vd\u00fc.<\/p>\n<p style=\"text-align: justify;\">T\u00fcrkiye Cumhurba\u015fkan\u0131 ayr\u0131ca, Gazze, Sudan ve Somali ba\u015fta olmak \u00fczere \u00e7e\u015fitli b\u00f6lgelerde devam eden sava\u015f ve \u00e7at\u0131\u015fmalar\u0131n en k\u0131sa s\u00fcrede sona ermesini umdu\u011funu dile getirdi.<\/p>\n<p style=\"text-align: justify;\">Erdo\u011fan, mesaj\u0131nda da, d\u00fcnyadaki t\u00fcm M\u00fcsl\u00fcmanlar\u0131 tebrik ederek, bayramlar\u0131n birlik ve beraberlik ruhunu tazeledi\u011fini, dayan\u0131\u015fma ve karde\u015flik ba\u011flar\u0131n\u0131 g\u00fc\u00e7lendirdi\u011fini ve Allah&#8217;\u0131n r\u0131zas\u0131na a\u00e7\u0131lan bereket kap\u0131lar\u0131 oldu\u011funu belirtti.<\/p>\n","protected":false},"excerpt":{"rendered":"<p>ANKARA (SANA) &#8211;\u00a0 T\u00fcrkiye Cumhurba\u015fkan\u0131 Recep Tayyip Erdo\u011fan, b\u00f6lgedeki t\u00fcm karde\u015f \u00fclkelerin deste\u011fiyle Suriye&#8217;nin kal\u0131c\u0131 bar\u0131\u015fa kavu\u015faca\u011f\u0131n\u0131 ve eski g\u00f6rkemli g\u00fcnlerine d\u00f6nece\u011fini belirtti. Anadolu Ajans\u0131&#8217;n\u0131n yay\u0131nlad\u0131\u011f\u0131 Kurban Bayram\u0131 video mesaj\u0131nda \u200b\u200bErdo\u011fan, &#8220;Suriye&#8217;deki yeni y\u00f6netimin ulusal birlik, toprak b\u00fct\u00fcnl\u00fc\u011f\u00fcn\u00fcn korunmas\u0131 ve s\u00fcrd\u00fcr\u00fclebilir kalk\u0131nman\u0131n sa\u011flanmas\u0131 i\u00e7in verdi\u011fi m\u00fccadeleyi&#8221; \u00f6vd\u00fc. T\u00fcrkiye Cumhurba\u015fkan\u0131 ayr\u0131ca, Gazze, Sudan ve Somali ba\u015fta &hellip;<\/p>\n","protected":false},"author":41,"featured_media":322630,"comment_status":"closed","ping_status":"closed","sticky":false,"template":"","format":"standard","meta":{"footnotes":""},"categories":[458,589,459,17988],"tags":[],"class_list":["post-322629","post","type-post","status-publish","format-standard","has-post-thumbnail","","category-dunya1","category-haber-seridi","category-haberler-arap-uluslararasi-politika","category-son-haberler"],"_links":{"self":[{"href":"https:\/\/archive.sana.sy\/tr\/index.php?rest_route=\/wp\/v2\/posts\/322629","targetHints":{"allow":["GET"]}}],"collection":[{"href":"https:\/\/archive.sana.sy\/tr\/index.php?rest_route=\/wp\/v2\/posts"}],"about":[{"href":"https:\/\/archive.sana.sy\/tr\/index.php?rest_route=\/wp\/v2\/types\/post"}],"author":[{"embeddable":true,"href":"https:\/\/archive.sana.sy\/tr\/index.php?rest_route=\/wp\/v2\/users\/41"}],"replies":[{"embeddable":true,"href":"https:\/\/archive.sana.sy\/tr\/index.php?rest_route=%2Fwp%2Fv2%2Fcomments&post=322629"}],"version-history":[{"count":1,"href":"https:\/\/archive.sana.sy\/tr\/index.php?rest_route=\/wp\/v2\/posts\/322629\/revisions"}],"predecessor-version":[{"id":322631,"href":"https:\/\/archive.sana.sy\/tr\/index.php?rest_route=\/wp\/v2\/posts\/322629\/revisions\/322631"}],"wp:featuredmedia":[{"embeddable":true,"href":"https:\/\/archive.sana.sy\/tr\/index.php?rest_route=\/wp\/v2\/media\/322630"}],"wp:attachment":[{"href":"https:\/\/archive.sana.sy\/tr\/index.php?rest_route=%2Fwp%2Fv2%2Fmedia&parent=322629"}],"wp:term":[{"taxonomy":"category","embeddable":true,"href":"https:\/\/archive.sana.sy\/tr\/index.php?rest_route=%2Fwp%2Fv2%2Fcategories&post=322629"},{"taxonomy":"post_tag","embeddable":true,"href":"https:\/\/archive.sana.sy\/tr\/index.php?rest_route=%2Fwp%2Fv2%2Ftags&post=322629"}],"curies":[{"name":"wp","href":"https:\/\/api.w.org\/{rel}","templated":true}]}}