{"id":322632,"date":"2025-06-05T17:48:06","date_gmt":"2025-06-05T14:48:06","guid":{"rendered":"https:\/\/sana.sy\/tr\/?p=322632"},"modified":"2025-06-05T17:48:06","modified_gmt":"2025-06-05T14:48:06","slug":"suriye-ve-katar-isgucu-sektoru-destegi-ve-kapasite-olusturma-konusunu-gorustu","status":"publish","type":"post","link":"https:\/\/archive.sana.sy\/tr\/?p=322632","title":{"rendered":"Suriye Ve Katar, \u0130\u015fg\u00fcc\u00fc Sekt\u00f6r\u00fc Deste\u011fi Ve Kapasite Olu\u015fturma Konusunu G\u00f6r\u00fc\u015ft\u00fc"},"content":{"rendered":"<p style=\"text-align: justify;\"><strong><span style=\"color: #ff0000;\">CENEVRE (SANA)<\/span> &#8211;\u00a0<\/strong> Sosyal \u0130\u015fler ve \u00c7al\u0131\u015fma Bakan\u0131 Hind Kabavat ve Katar \u00c7al\u0131\u015fma Bakan Yard\u0131mc\u0131s\u0131 Necva bint Abdulrahman Al Sani, i\u015fg\u00fcc\u00fc sekt\u00f6r\u00fc deste\u011fi ve yasal de\u011fi\u015fikliklerle ilgili \u00e7e\u015fitli alanlarda i\u015f birli\u011fini g\u00fc\u00e7lendirmeyi g\u00f6r\u00fc\u015ft\u00fc.<\/p>\n<p style=\"text-align: justify;\">Cenevre&#8217;deki Uluslararas\u0131 \u00c7al\u0131\u015fma Konferans\u0131&#8217;n\u0131n aralar\u0131nda ger\u00e7ekle\u015fen G\u00f6r\u00fc\u015fmede Bakan Kabavat, Katar&#8217;\u0131n Suriye&#8217;ye, \u00f6zellikle i\u015f hukukunu de\u011fi\u015ftirme, g\u00fcvenli\u011fi art\u0131rma ve kapasite olu\u015fturma konular\u0131nda verdi\u011fi deste\u011fin \u00f6nemini vurgulad\u0131.<\/p>\n<p style=\"text-align: justify;\">Katar \u00c7al\u0131\u015fma Bakan Yard\u0131mc\u0131s\u0131 ise Katar&#8217;\u0131n, i\u015f sekt\u00f6r\u00fcn\u00fc mutabakat zapt\u0131 ve i\u015f birli\u011fini art\u0131rmak i\u00e7in ortak bir teknik komite kurulmas\u0131 yoluyla destekleme iste\u011fini belirtti.<\/p>\n","protected":false},"excerpt":{"rendered":"<p>CENEVRE (SANA) &#8211;\u00a0 Sosyal \u0130\u015fler ve \u00c7al\u0131\u015fma Bakan\u0131 Hind Kabavat ve Katar \u00c7al\u0131\u015fma Bakan Yard\u0131mc\u0131s\u0131 Necva bint Abdulrahman Al Sani, i\u015fg\u00fcc\u00fc sekt\u00f6r\u00fc deste\u011fi ve yasal de\u011fi\u015fikliklerle ilgili \u00e7e\u015fitli alanlarda i\u015f birli\u011fini g\u00fc\u00e7lendirmeyi g\u00f6r\u00fc\u015ft\u00fc. Cenevre&#8217;deki Uluslararas\u0131 \u00c7al\u0131\u015fma Konferans\u0131&#8217;n\u0131n aralar\u0131nda ger\u00e7ekle\u015fen G\u00f6r\u00fc\u015fmede Bakan Kabavat, Katar&#8217;\u0131n Suriye&#8217;ye, \u00f6zellikle i\u015f hukukunu de\u011fi\u015ftirme, g\u00fcvenli\u011fi art\u0131rma ve kapasite olu\u015fturma konular\u0131nda verdi\u011fi &hellip;<\/p>\n","protected":false},"author":41,"featured_media":322633,"comment_status":"closed","ping_status":"closed","sticky":false,"template":"","format":"standard","meta":{"footnotes":""},"categories":[458,589,459,17988],"tags":[],"class_list":["post-322632","post","type-post","status-publish","format-standard","has-post-thumbnail","","category-dunya1","category-haber-seridi","category-haberler-arap-uluslararasi-politika","category-son-haberler"],"_links":{"self":[{"href":"https:\/\/archive.sana.sy\/tr\/index.php?rest_route=\/wp\/v2\/posts\/322632","targetHints":{"allow":["GET"]}}],"collection":[{"href":"https:\/\/archive.sana.sy\/tr\/index.php?rest_route=\/wp\/v2\/posts"}],"about":[{"href":"https:\/\/archive.sana.sy\/tr\/index.php?rest_route=\/wp\/v2\/types\/post"}],"author":[{"embeddable":true,"href":"https:\/\/archive.sana.sy\/tr\/index.php?rest_route=\/wp\/v2\/users\/41"}],"replies":[{"embeddable":true,"href":"https:\/\/archive.sana.sy\/tr\/index.php?rest_route=%2Fwp%2Fv2%2Fcomments&post=322632"}],"version-history":[{"count":1,"href":"https:\/\/archive.sana.sy\/tr\/index.php?rest_route=\/wp\/v2\/posts\/322632\/revisions"}],"predecessor-version":[{"id":322634,"href":"https:\/\/archive.sana.sy\/tr\/index.php?rest_route=\/wp\/v2\/posts\/322632\/revisions\/322634"}],"wp:featuredmedia":[{"embeddable":true,"href":"https:\/\/archive.sana.sy\/tr\/index.php?rest_route=\/wp\/v2\/media\/322633"}],"wp:attachment":[{"href":"https:\/\/archive.sana.sy\/tr\/index.php?rest_route=%2Fwp%2Fv2%2Fmedia&parent=322632"}],"wp:term":[{"taxonomy":"category","embeddable":true,"href":"https:\/\/archive.sana.sy\/tr\/index.php?rest_route=%2Fwp%2Fv2%2Fcategories&post=322632"},{"taxonomy":"post_tag","embeddable":true,"href":"https:\/\/archive.sana.sy\/tr\/index.php?rest_route=%2Fwp%2Fv2%2Ftags&post=322632"}],"curies":[{"name":"wp","href":"https:\/\/api.w.org\/{rel}","templated":true}]}}