{"id":322635,"date":"2025-06-05T12:43:19","date_gmt":"2025-06-05T09:43:19","guid":{"rendered":"https:\/\/sana.sy\/tr\/?p=322635"},"modified":"2025-06-06T13:50:17","modified_gmt":"2025-06-06T10:50:17","slug":"cumhurbaskani-el-sara-bae-baskanindan-kurban-bayrami-dolayisiyla-tebrik-telgrafi-aldi","status":"publish","type":"post","link":"https:\/\/archive.sana.sy\/tr\/?p=322635","title":{"rendered":"Cumhurba\u015fkan\u0131 El \u015eara, BAE Ba\u015fkan\u0131&#8217;ndan Kurban Bayram\u0131 Dolay\u0131s\u0131yla Tebrik Telgraf\u0131 Ald\u0131"},"content":{"rendered":"<p style=\"text-align: justify;\"><span style=\"color: #ff0000;\"><strong>\u015eAM (SANA)<\/strong> <\/span>&#8211;\u00a0 Cumhurba\u015fkan\u0131 Ahmed El \u015eara, Birle\u015fik Arap Emirlikleri Ba\u015fkan\u0131 \u015eeyh Muhammed bin Zayid Al Nahyan&#8217;dan Kurban Bayram\u0131 vesilesiyle tebrik telgraf\u0131 ald\u0131.<\/p>\n<p style=\"text-align: justify;\">\u015eeyh Muhammed bin Zayid, Kurban Bayram\u0131 vesilesiyle Cumhurba\u015fkan\u0131 El \u015eara&#8217;ya i\u00e7ten tebriklerini ve en iyi dileklerini iletti ve Y\u00fcce Allah&#8217;tan bu m\u00fcbarek vesileyi Cumhurba\u015fkan\u0131 El \u015eara&#8217;ya sa\u011fl\u0131k ve mutlulukla geri getirmesini, Arap ve \u0130slam \u00fclkelerinin halklar\u0131na iyilik, refah ve bereket getirmesini diledi.<\/p>\n","protected":false},"excerpt":{"rendered":"<p>\u015eAM (SANA) &#8211;\u00a0 Cumhurba\u015fkan\u0131 Ahmed El \u015eara, Birle\u015fik Arap Emirlikleri Ba\u015fkan\u0131 \u015eeyh Muhammed bin Zayid Al Nahyan&#8217;dan Kurban Bayram\u0131 vesilesiyle tebrik telgraf\u0131 ald\u0131. \u015eeyh Muhammed bin Zayid, Kurban Bayram\u0131 vesilesiyle Cumhurba\u015fkan\u0131 El \u015eara&#8217;ya i\u00e7ten tebriklerini ve en iyi dileklerini iletti ve Y\u00fcce Allah&#8217;tan bu m\u00fcbarek vesileyi Cumhurba\u015fkan\u0131 El \u015eara&#8217;ya sa\u011fl\u0131k ve mutlulukla geri getirmesini, Arap &hellip;<\/p>\n","protected":false},"author":41,"featured_media":322671,"comment_status":"closed","ping_status":"closed","sticky":false,"template":"","format":"standard","meta":{"footnotes":""},"categories":[589,605,17988,613],"tags":[],"class_list":["post-322635","post","type-post","status-publish","format-standard","has-post-thumbnail","","category-haber-seridi","category-sayin-cumhurbaskani","category-son-haberler","category-telgraflar"],"_links":{"self":[{"href":"https:\/\/archive.sana.sy\/tr\/index.php?rest_route=\/wp\/v2\/posts\/322635","targetHints":{"allow":["GET"]}}],"collection":[{"href":"https:\/\/archive.sana.sy\/tr\/index.php?rest_route=\/wp\/v2\/posts"}],"about":[{"href":"https:\/\/archive.sana.sy\/tr\/index.php?rest_route=\/wp\/v2\/types\/post"}],"author":[{"embeddable":true,"href":"https:\/\/archive.sana.sy\/tr\/index.php?rest_route=\/wp\/v2\/users\/41"}],"replies":[{"embeddable":true,"href":"https:\/\/archive.sana.sy\/tr\/index.php?rest_route=%2Fwp%2Fv2%2Fcomments&post=322635"}],"version-history":[{"count":1,"href":"https:\/\/archive.sana.sy\/tr\/index.php?rest_route=\/wp\/v2\/posts\/322635\/revisions"}],"predecessor-version":[{"id":322637,"href":"https:\/\/archive.sana.sy\/tr\/index.php?rest_route=\/wp\/v2\/posts\/322635\/revisions\/322637"}],"wp:featuredmedia":[{"embeddable":true,"href":"https:\/\/archive.sana.sy\/tr\/index.php?rest_route=\/wp\/v2\/media\/322671"}],"wp:attachment":[{"href":"https:\/\/archive.sana.sy\/tr\/index.php?rest_route=%2Fwp%2Fv2%2Fmedia&parent=322635"}],"wp:term":[{"taxonomy":"category","embeddable":true,"href":"https:\/\/archive.sana.sy\/tr\/index.php?rest_route=%2Fwp%2Fv2%2Fcategories&post=322635"},{"taxonomy":"post_tag","embeddable":true,"href":"https:\/\/archive.sana.sy\/tr\/index.php?rest_route=%2Fwp%2Fv2%2Ftags&post=322635"}],"curies":[{"name":"wp","href":"https:\/\/api.w.org\/{rel}","templated":true}]}}