{"id":322638,"date":"2025-06-05T12:33:25","date_gmt":"2025-06-05T09:33:25","guid":{"rendered":"https:\/\/sana.sy\/tr\/?p=322638"},"modified":"2025-06-06T13:49:49","modified_gmt":"2025-06-06T10:49:49","slug":"cumhurbaskani-el-sara-kurban-bayrami-vesilesiyle-kral-ii-abdullahtan-bir-tebrik-telgrafi-aldi","status":"publish","type":"post","link":"https:\/\/archive.sana.sy\/tr\/?p=322638","title":{"rendered":"Cumhurba\u015fkan\u0131 El \u015eara, Kurban Bayram\u0131 Vesilesiyle Kral II. Abdullah&#8217;tan Bir Tebrik Telgraf\u0131 Ald\u0131"},"content":{"rendered":"<p style=\"text-align: justify;\"><span style=\"color: #ff0000;\"><strong>\u015eAM (SANA)<\/strong><\/span> &#8211;\u00a0 Cumhurba\u015fkan\u0131 Ahmed El \u015eara, \u00dcrd\u00fcn Ha\u015fimi Krall\u0131\u011f\u0131 Kral\u0131 Kral II. Abdullah bin El H\u00fcseyin&#8217;den Kurban Bayram\u0131 vesilesiyle bir tebrik telgraf\u0131 ald\u0131.<\/p>\n<p style=\"text-align: justify;\">Kral Abdullah, telgraf\u0131nda, kendisi ve \u00dcrd\u00fcn Ha\u015fimi Krall\u0131\u011f\u0131 halk\u0131 ve h\u00fck\u00fcmeti ad\u0131na, bu vesileyle Cumhurba\u015fkan\u0131 El \u015eara&#8217;ya en i\u00e7ten tebriklerini ve en iyi dileklerini iletti ve Y\u00fcce Allah&#8217;tan Cumhurba\u015fkan\u0131 El \u015eara&#8217;ya s\u00fcrekli sa\u011fl\u0131k, karde\u015f Suriye halk\u0131na daha fazla ilerleme ve refah ve Arap ve \u0130slam \u00fclkelerine iyilik, bereket ve refah bah\u015fetmesini diledi.<\/p>\n","protected":false},"excerpt":{"rendered":"<p>\u015eAM (SANA) &#8211;\u00a0 Cumhurba\u015fkan\u0131 Ahmed El \u015eara, \u00dcrd\u00fcn Ha\u015fimi Krall\u0131\u011f\u0131 Kral\u0131 Kral II. Abdullah bin El H\u00fcseyin&#8217;den Kurban Bayram\u0131 vesilesiyle bir tebrik telgraf\u0131 ald\u0131. Kral Abdullah, telgraf\u0131nda, kendisi ve \u00dcrd\u00fcn Ha\u015fimi Krall\u0131\u011f\u0131 halk\u0131 ve h\u00fck\u00fcmeti ad\u0131na, bu vesileyle Cumhurba\u015fkan\u0131 El \u015eara&#8217;ya en i\u00e7ten tebriklerini ve en iyi dileklerini iletti ve Y\u00fcce Allah&#8217;tan Cumhurba\u015fkan\u0131 El \u015eara&#8217;ya &hellip;<\/p>\n","protected":false},"author":41,"featured_media":322639,"comment_status":"closed","ping_status":"closed","sticky":false,"template":"","format":"standard","meta":{"footnotes":""},"categories":[589,605,17988,613],"tags":[],"class_list":["post-322638","post","type-post","status-publish","format-standard","has-post-thumbnail","","category-haber-seridi","category-sayin-cumhurbaskani","category-son-haberler","category-telgraflar"],"_links":{"self":[{"href":"https:\/\/archive.sana.sy\/tr\/index.php?rest_route=\/wp\/v2\/posts\/322638","targetHints":{"allow":["GET"]}}],"collection":[{"href":"https:\/\/archive.sana.sy\/tr\/index.php?rest_route=\/wp\/v2\/posts"}],"about":[{"href":"https:\/\/archive.sana.sy\/tr\/index.php?rest_route=\/wp\/v2\/types\/post"}],"author":[{"embeddable":true,"href":"https:\/\/archive.sana.sy\/tr\/index.php?rest_route=\/wp\/v2\/users\/41"}],"replies":[{"embeddable":true,"href":"https:\/\/archive.sana.sy\/tr\/index.php?rest_route=%2Fwp%2Fv2%2Fcomments&post=322638"}],"version-history":[{"count":1,"href":"https:\/\/archive.sana.sy\/tr\/index.php?rest_route=\/wp\/v2\/posts\/322638\/revisions"}],"predecessor-version":[{"id":322640,"href":"https:\/\/archive.sana.sy\/tr\/index.php?rest_route=\/wp\/v2\/posts\/322638\/revisions\/322640"}],"wp:featuredmedia":[{"embeddable":true,"href":"https:\/\/archive.sana.sy\/tr\/index.php?rest_route=\/wp\/v2\/media\/322639"}],"wp:attachment":[{"href":"https:\/\/archive.sana.sy\/tr\/index.php?rest_route=%2Fwp%2Fv2%2Fmedia&parent=322638"}],"wp:term":[{"taxonomy":"category","embeddable":true,"href":"https:\/\/archive.sana.sy\/tr\/index.php?rest_route=%2Fwp%2Fv2%2Fcategories&post=322638"},{"taxonomy":"post_tag","embeddable":true,"href":"https:\/\/archive.sana.sy\/tr\/index.php?rest_route=%2Fwp%2Fv2%2Ftags&post=322638"}],"curies":[{"name":"wp","href":"https:\/\/api.w.org\/{rel}","templated":true}]}}