{"id":322660,"date":"2025-06-06T13:11:21","date_gmt":"2025-06-06T10:11:21","guid":{"rendered":"https:\/\/sana.sy\/tr\/?p=322660"},"modified":"2025-06-08T12:35:24","modified_gmt":"2025-06-08T09:35:24","slug":"cumhurbaskani-sayin-ahmed-el-sara-samdaki-halk-sarayinda-bir-dizi-sakin-ve-yetkiliyle-kurban-bayrami-tebriklerini-paylasti","status":"publish","type":"post","link":"https:\/\/archive.sana.sy\/tr\/?p=322660","title":{"rendered":"Cumhurba\u015fkan\u0131 El \u015eara, \u015eam&#8217;daki Halk Saray\u0131&#8217;nda Bir Dizi Sakin Ve Yetkiliyle Kurban Bayram\u0131 Tebriklerini Payla\u015ft\u0131"},"content":{"rendered":"<p style=\"text-align: justify;\"><span style=\"color: #ff0000;\"><strong>\u015eAM (SANA) &#8211;<\/strong><\/span> \u00a0Cumhurba\u015fkan\u0131 Say\u0131n Ahmed El \u015eara, \u015eam&#8217;daki Halk Saray\u0131&#8217;nda bir dizi sakin ve yetkiliyle Kurban Bayram\u0131 tebriklerini payla\u015ft\u0131.<\/p>\n<div id='gallery-1' class='gallery galleryid-322660 gallery-columns-1 gallery-size-full'><figure class='gallery-item'>\n\t\t\t<div class='gallery-icon landscape'>\n\t\t\t\t<a href='https:\/\/archive.sana.sy\/tr\/?attachment_id=322668'><img loading=\"lazy\" decoding=\"async\" width=\"1536\" height=\"862\" src=\"https:\/\/archive.sana.sy\/tr\/wp-content\/uploads\/2025\/06\/photo_1_2025-06-06_09-40-56-1536x862-1.jpg\" class=\"attachment-full size-full\" alt=\"\" srcset=\"https:\/\/archive.sana.sy\/tr\/wp-content\/uploads\/2025\/06\/photo_1_2025-06-06_09-40-56-1536x862-1.jpg 1536w, https:\/\/archive.sana.sy\/tr\/wp-content\/uploads\/2025\/06\/photo_1_2025-06-06_09-40-56-1536x862-1-300x168.jpg 300w, https:\/\/archive.sana.sy\/tr\/wp-content\/uploads\/2025\/06\/photo_1_2025-06-06_09-40-56-1536x862-1-1024x575.jpg 1024w, https:\/\/archive.sana.sy\/tr\/wp-content\/uploads\/2025\/06\/photo_1_2025-06-06_09-40-56-1536x862-1-768x431.jpg 768w\" sizes=\"auto, (max-width: 1536px) 100vw, 1536px\" \/><\/a>\n\t\t\t<\/div><\/figure><figure class='gallery-item'>\n\t\t\t<div class='gallery-icon landscape'>\n\t\t\t\t<a href='https:\/\/archive.sana.sy\/tr\/?attachment_id=322667'><img loading=\"lazy\" decoding=\"async\" width=\"1536\" height=\"1024\" src=\"https:\/\/archive.sana.sy\/tr\/wp-content\/uploads\/2025\/06\/photo_9_2025-06-06_09-40-56-1536x1024-1.jpg\" class=\"attachment-full size-full\" alt=\"\" srcset=\"https:\/\/archive.sana.sy\/tr\/wp-content\/uploads\/2025\/06\/photo_9_2025-06-06_09-40-56-1536x1024-1.jpg 1536w, https:\/\/archive.sana.sy\/tr\/wp-content\/uploads\/2025\/06\/photo_9_2025-06-06_09-40-56-1536x1024-1-300x200.jpg 300w, https:\/\/archive.sana.sy\/tr\/wp-content\/uploads\/2025\/06\/photo_9_2025-06-06_09-40-56-1536x1024-1-1024x683.jpg 1024w, https:\/\/archive.sana.sy\/tr\/wp-content\/uploads\/2025\/06\/photo_9_2025-06-06_09-40-56-1536x1024-1-768x512.jpg 768w\" sizes=\"auto, (max-width: 1536px) 100vw, 1536px\" \/><\/a>\n\t\t\t<\/div><\/figure><figure class='gallery-item'>\n\t\t\t<div class='gallery-icon landscape'>\n\t\t\t\t<a href='https:\/\/archive.sana.sy\/tr\/?attachment_id=322669'><img loading=\"lazy\" decoding=\"async\" width=\"1536\" height=\"1024\" src=\"https:\/\/archive.sana.sy\/tr\/wp-content\/uploads\/2025\/06\/photo_8_2025-06-06_09-40-56-1536x1024-1.jpg\" class=\"attachment-full size-full\" alt=\"\" srcset=\"https:\/\/archive.sana.sy\/tr\/wp-content\/uploads\/2025\/06\/photo_8_2025-06-06_09-40-56-1536x1024-1.jpg 1536w, https:\/\/archive.sana.sy\/tr\/wp-content\/uploads\/2025\/06\/photo_8_2025-06-06_09-40-56-1536x1024-1-300x200.jpg 300w, https:\/\/archive.sana.sy\/tr\/wp-content\/uploads\/2025\/06\/photo_8_2025-06-06_09-40-56-1536x1024-1-1024x683.jpg 1024w, https:\/\/archive.sana.sy\/tr\/wp-content\/uploads\/2025\/06\/photo_8_2025-06-06_09-40-56-1536x1024-1-768x512.jpg 768w\" sizes=\"auto, (max-width: 1536px) 100vw, 1536px\" \/><\/a>\n\t\t\t<\/div><\/figure><figure class='gallery-item'>\n\t\t\t<div class='gallery-icon landscape'>\n\t\t\t\t<a href='https:\/\/archive.sana.sy\/tr\/?attachment_id=322666'><img loading=\"lazy\" decoding=\"async\" width=\"1536\" height=\"862\" src=\"https:\/\/archive.sana.sy\/tr\/wp-content\/uploads\/2025\/06\/photo_6_2025-06-06_09-40-56-1536x862-1.jpg\" class=\"attachment-full size-full\" alt=\"\" srcset=\"https:\/\/archive.sana.sy\/tr\/wp-content\/uploads\/2025\/06\/photo_6_2025-06-06_09-40-56-1536x862-1.jpg 1536w, https:\/\/archive.sana.sy\/tr\/wp-content\/uploads\/2025\/06\/photo_6_2025-06-06_09-40-56-1536x862-1-300x168.jpg 300w, https:\/\/archive.sana.sy\/tr\/wp-content\/uploads\/2025\/06\/photo_6_2025-06-06_09-40-56-1536x862-1-1024x575.jpg 1024w, https:\/\/archive.sana.sy\/tr\/wp-content\/uploads\/2025\/06\/photo_6_2025-06-06_09-40-56-1536x862-1-768x431.jpg 768w\" sizes=\"auto, (max-width: 1536px) 100vw, 1536px\" \/><\/a>\n\t\t\t<\/div><\/figure><figure class='gallery-item'>\n\t\t\t<div class='gallery-icon landscape'>\n\t\t\t\t<a href='https:\/\/archive.sana.sy\/tr\/?attachment_id=322663'><img loading=\"lazy\" decoding=\"async\" width=\"1536\" height=\"862\" src=\"https:\/\/archive.sana.sy\/tr\/wp-content\/uploads\/2025\/06\/photo_4_2025-06-06_09-40-56-1536x862-1.jpg\" class=\"attachment-full size-full\" alt=\"\" srcset=\"https:\/\/archive.sana.sy\/tr\/wp-content\/uploads\/2025\/06\/photo_4_2025-06-06_09-40-56-1536x862-1.jpg 1536w, https:\/\/archive.sana.sy\/tr\/wp-content\/uploads\/2025\/06\/photo_4_2025-06-06_09-40-56-1536x862-1-300x168.jpg 300w, https:\/\/archive.sana.sy\/tr\/wp-content\/uploads\/2025\/06\/photo_4_2025-06-06_09-40-56-1536x862-1-1024x575.jpg 1024w, https:\/\/archive.sana.sy\/tr\/wp-content\/uploads\/2025\/06\/photo_4_2025-06-06_09-40-56-1536x862-1-768x431.jpg 768w\" sizes=\"auto, (max-width: 1536px) 100vw, 1536px\" \/><\/a>\n\t\t\t<\/div><\/figure><figure class='gallery-item'>\n\t\t\t<div class='gallery-icon landscape'>\n\t\t\t\t<a href='https:\/\/archive.sana.sy\/tr\/?attachment_id=322662'><img loading=\"lazy\" decoding=\"async\" width=\"1536\" height=\"862\" src=\"https:\/\/archive.sana.sy\/tr\/wp-content\/uploads\/2025\/06\/photo_5_2025-06-06_09-40-56-1536x862-1.jpg\" class=\"attachment-full size-full\" alt=\"\" srcset=\"https:\/\/archive.sana.sy\/tr\/wp-content\/uploads\/2025\/06\/photo_5_2025-06-06_09-40-56-1536x862-1.jpg 1536w, https:\/\/archive.sana.sy\/tr\/wp-content\/uploads\/2025\/06\/photo_5_2025-06-06_09-40-56-1536x862-1-300x168.jpg 300w, https:\/\/archive.sana.sy\/tr\/wp-content\/uploads\/2025\/06\/photo_5_2025-06-06_09-40-56-1536x862-1-1024x575.jpg 1024w, https:\/\/archive.sana.sy\/tr\/wp-content\/uploads\/2025\/06\/photo_5_2025-06-06_09-40-56-1536x862-1-768x431.jpg 768w\" sizes=\"auto, (max-width: 1536px) 100vw, 1536px\" \/><\/a>\n\t\t\t<\/div><\/figure><figure class='gallery-item'>\n\t\t\t<div class='gallery-icon landscape'>\n\t\t\t\t<a href='https:\/\/archive.sana.sy\/tr\/?attachment_id=322664'><img loading=\"lazy\" decoding=\"async\" width=\"1536\" height=\"862\" src=\"https:\/\/archive.sana.sy\/tr\/wp-content\/uploads\/2025\/06\/photo_3_2025-06-06_09-40-56-1536x862-1.jpg\" class=\"attachment-full size-full\" alt=\"\" srcset=\"https:\/\/archive.sana.sy\/tr\/wp-content\/uploads\/2025\/06\/photo_3_2025-06-06_09-40-56-1536x862-1.jpg 1536w, https:\/\/archive.sana.sy\/tr\/wp-content\/uploads\/2025\/06\/photo_3_2025-06-06_09-40-56-1536x862-1-300x168.jpg 300w, https:\/\/archive.sana.sy\/tr\/wp-content\/uploads\/2025\/06\/photo_3_2025-06-06_09-40-56-1536x862-1-1024x575.jpg 1024w, https:\/\/archive.sana.sy\/tr\/wp-content\/uploads\/2025\/06\/photo_3_2025-06-06_09-40-56-1536x862-1-768x431.jpg 768w\" sizes=\"auto, (max-width: 1536px) 100vw, 1536px\" \/><\/a>\n\t\t\t<\/div><\/figure><figure class='gallery-item'>\n\t\t\t<div class='gallery-icon landscape'>\n\t\t\t\t<a href='https:\/\/archive.sana.sy\/tr\/?attachment_id=322665'><img loading=\"lazy\" decoding=\"async\" width=\"1536\" height=\"862\" src=\"https:\/\/archive.sana.sy\/tr\/wp-content\/uploads\/2025\/06\/photo_2_2025-06-06_09-40-56-1536x862-1.jpg\" class=\"attachment-full size-full\" alt=\"\" srcset=\"https:\/\/archive.sana.sy\/tr\/wp-content\/uploads\/2025\/06\/photo_2_2025-06-06_09-40-56-1536x862-1.jpg 1536w, https:\/\/archive.sana.sy\/tr\/wp-content\/uploads\/2025\/06\/photo_2_2025-06-06_09-40-56-1536x862-1-300x168.jpg 300w, https:\/\/archive.sana.sy\/tr\/wp-content\/uploads\/2025\/06\/photo_2_2025-06-06_09-40-56-1536x862-1-1024x575.jpg 1024w, https:\/\/archive.sana.sy\/tr\/wp-content\/uploads\/2025\/06\/photo_2_2025-06-06_09-40-56-1536x862-1-768x431.jpg 768w\" sizes=\"auto, (max-width: 1536px) 100vw, 1536px\" \/><\/a>\n\t\t\t<\/div><\/figure>\n\t\t<\/div>\n\n","protected":false},"excerpt":{"rendered":"<p>\u015eAM (SANA) &#8211; \u00a0Cumhurba\u015fkan\u0131 Say\u0131n Ahmed El \u015eara, \u015eam&#8217;daki Halk Saray\u0131&#8217;nda bir dizi sakin ve yetkiliyle Kurban Bayram\u0131 tebriklerini payla\u015ft\u0131.<\/p>\n","protected":false},"author":41,"featured_media":322661,"comment_status":"closed","ping_status":"closed","sticky":false,"template":"","format":"standard","meta":{"footnotes":""},"categories":[606,605,17988],"tags":[],"class_list":["post-322660","post","type-post","status-publish","format-standard","has-post-thumbnail","","category-cumhurbaskani","category-sayin-cumhurbaskani","category-son-haberler"],"_links":{"self":[{"href":"https:\/\/archive.sana.sy\/tr\/index.php?rest_route=\/wp\/v2\/posts\/322660","targetHints":{"allow":["GET"]}}],"collection":[{"href":"https:\/\/archive.sana.sy\/tr\/index.php?rest_route=\/wp\/v2\/posts"}],"about":[{"href":"https:\/\/archive.sana.sy\/tr\/index.php?rest_route=\/wp\/v2\/types\/post"}],"author":[{"embeddable":true,"href":"https:\/\/archive.sana.sy\/tr\/index.php?rest_route=\/wp\/v2\/users\/41"}],"replies":[{"embeddable":true,"href":"https:\/\/archive.sana.sy\/tr\/index.php?rest_route=%2Fwp%2Fv2%2Fcomments&post=322660"}],"version-history":[{"count":2,"href":"https:\/\/archive.sana.sy\/tr\/index.php?rest_route=\/wp\/v2\/posts\/322660\/revisions"}],"predecessor-version":[{"id":322700,"href":"https:\/\/archive.sana.sy\/tr\/index.php?rest_route=\/wp\/v2\/posts\/322660\/revisions\/322700"}],"wp:featuredmedia":[{"embeddable":true,"href":"https:\/\/archive.sana.sy\/tr\/index.php?rest_route=\/wp\/v2\/media\/322661"}],"wp:attachment":[{"href":"https:\/\/archive.sana.sy\/tr\/index.php?rest_route=%2Fwp%2Fv2%2Fmedia&parent=322660"}],"wp:term":[{"taxonomy":"category","embeddable":true,"href":"https:\/\/archive.sana.sy\/tr\/index.php?rest_route=%2Fwp%2Fv2%2Fcategories&post=322660"},{"taxonomy":"post_tag","embeddable":true,"href":"https:\/\/archive.sana.sy\/tr\/index.php?rest_route=%2Fwp%2Fv2%2Ftags&post=322660"}],"curies":[{"name":"wp","href":"https:\/\/api.w.org\/{rel}","templated":true}]}}