{"id":32268,"date":"2015-05-06T13:41:42","date_gmt":"2015-05-06T10:41:42","guid":{"rendered":"http:\/\/sana.sy\/tr\/?p=32268"},"modified":"2015-05-06T13:41:42","modified_gmt":"2015-05-06T10:41:42","slug":"hamada-23-kanun-kacagi-teslim-oldu","status":"publish","type":"post","link":"https:\/\/archive.sana.sy\/tr\/?p=32268","title":{"rendered":"Hama\u2019da 23 Kanun Ka\u00e7a\u011f\u0131 Teslim Oldu"},"content":{"rendered":"<p>HAMA \u2013 Hama ve k\u0131rsal\u0131n\u0131n muhtelif b\u00f6lgelerinden bug\u00fcn 23 kanun ka\u00e7a\u011f\u0131 silahlar\u0131yla birlikte g\u00fcvenlik birimlerine teslim oldu.<\/p>\n<p>Ulusal g\u00fcvenli\u011fi tehdit eden ter\u00f6r eylemlere kat\u0131lmaktan duyduklar\u0131 pi\u015fmanl\u0131\u011f\u0131 ifade eden s\u00f6z konusu ki\u015filer, af karar\u0131ndan faydalanma ve normal ya\u015famlar\u0131na d\u00f6nmek istediklerini s\u00f6yledi.<\/p>\n<p>A.A. &#8211; R.H.<\/p>\n","protected":false},"excerpt":{"rendered":"<p>HAMA \u2013 Hama ve k\u0131rsal\u0131n\u0131n muhtelif b\u00f6lgelerinden bug\u00fcn 23 kanun ka\u00e7a\u011f\u0131 silahlar\u0131yla birlikte g\u00fcvenlik birimlerine teslim oldu. Ulusal g\u00fcvenli\u011fi tehdit eden ter\u00f6r eylemlere kat\u0131lmaktan duyduklar\u0131 pi\u015fmanl\u0131\u011f\u0131 ifade eden s\u00f6z konusu ki\u015filer, af karar\u0131ndan faydalanma ve normal ya\u015famlar\u0131na d\u00f6nmek istediklerini s\u00f6yledi. A.A. &#8211; R.H.<\/p>\n","protected":false},"author":1,"featured_media":26257,"comment_status":"closed","ping_status":"closed","sticky":false,"template":"","format":"standard","meta":{"footnotes":""},"categories":[479,575,478],"tags":[14337],"class_list":["post-32268","post","type-post","status-publish","format-standard","has-post-thumbnail","","category-haberler-yerel","category-olaylar-ve-gercekler","category-yerel","tag-hamada-23-kanun-kacagi-teslim-oldu-hama-hama-ve-kirsalinin-muhtelif-bolgelerinden-bugun-23-kanun-kacagi-silahlariyla-birlikte-guvenlik-birimlerine-teslim-oldu"],"_links":{"self":[{"href":"https:\/\/archive.sana.sy\/tr\/index.php?rest_route=\/wp\/v2\/posts\/32268","targetHints":{"allow":["GET"]}}],"collection":[{"href":"https:\/\/archive.sana.sy\/tr\/index.php?rest_route=\/wp\/v2\/posts"}],"about":[{"href":"https:\/\/archive.sana.sy\/tr\/index.php?rest_route=\/wp\/v2\/types\/post"}],"author":[{"embeddable":true,"href":"https:\/\/archive.sana.sy\/tr\/index.php?rest_route=\/wp\/v2\/users\/1"}],"replies":[{"embeddable":true,"href":"https:\/\/archive.sana.sy\/tr\/index.php?rest_route=%2Fwp%2Fv2%2Fcomments&post=32268"}],"version-history":[{"count":0,"href":"https:\/\/archive.sana.sy\/tr\/index.php?rest_route=\/wp\/v2\/posts\/32268\/revisions"}],"wp:featuredmedia":[{"embeddable":true,"href":"https:\/\/archive.sana.sy\/tr\/index.php?rest_route=\/wp\/v2\/media\/26257"}],"wp:attachment":[{"href":"https:\/\/archive.sana.sy\/tr\/index.php?rest_route=%2Fwp%2Fv2%2Fmedia&parent=32268"}],"wp:term":[{"taxonomy":"category","embeddable":true,"href":"https:\/\/archive.sana.sy\/tr\/index.php?rest_route=%2Fwp%2Fv2%2Fcategories&post=32268"},{"taxonomy":"post_tag","embeddable":true,"href":"https:\/\/archive.sana.sy\/tr\/index.php?rest_route=%2Fwp%2Fv2%2Ftags&post=32268"}],"curies":[{"name":"wp","href":"https:\/\/api.w.org\/{rel}","templated":true}]}}