{"id":322680,"date":"2025-06-06T13:28:36","date_gmt":"2025-06-06T10:28:36","guid":{"rendered":"https:\/\/sana.sy\/tr\/?p=322680"},"modified":"2025-06-06T13:28:36","modified_gmt":"2025-06-06T10:28:36","slug":"bm-yetkilisi-suriyedeki-yeni-siyasi-gerceklik-kimyasal-silah-programiyla-ilgili-sorunlarin-cozumu-icin-onemli-bir-firsat-sunuyor","status":"publish","type":"post","link":"https:\/\/archive.sana.sy\/tr\/?p=322680","title":{"rendered":"BM Yetkilisi: Suriye&#8217;deki Yeni Siyasi Ger\u00e7eklik, Kimyasal Silah Program\u0131yla \u0130lgili Sorunlar\u0131n \u00c7\u00f6z\u00fcm\u00fc \u0130\u00e7in \u00d6nemli Bir F\u0131rsat Sunuyor"},"content":{"rendered":"<p style=\"text-align: justify;\"><span style=\"color: #ff0000;\"><strong>NEW YORK (SANA)<\/strong> <\/span>&#8211;\u00a0 BM Silahs\u0131zlanma \u0130\u015fleri Y\u00fcksek Temsilcisi Izumi Nakamitsu, Suriye&#8217;deki yeni siyasi ger\u00e7ekli\u011fin, Suriye&#8217;nin kimyasal silah program\u0131yla ilgili uzun s\u00fcredir devam eden sorunlar\u0131n \u00e7\u00f6z\u00fcm\u00fc i\u00e7in \u00f6nemli bir f\u0131rsat sundu\u011funu vurgulad\u0131.<\/p>\n<p style=\"text-align: justify;\">BM Haber Ajans\u0131&#8217;n\u0131n haberine g\u00f6re, Nakamitsu d\u00fcn BM G\u00fcvenlik Konseyi&#8217;ne verdi\u011fi brifingde, OPCW Sekreterli\u011fi ile d\u00fczenli ileti\u015fim halinde olundu\u011funu ve Suriye makamlar\u0131n\u0131n \u00f6rg\u00fctle tam i\u015fbirli\u011fine y\u00f6nelik artan bir ba\u011fl\u0131l\u0131k g\u00f6sterdi\u011fini belirtirtti.<\/p>\n<p style=\"text-align: justify;\">\u00a0Kimyasal maddeler ve m\u00fchimmatlarla ilgili olarak hen\u00fcz beyan edilmemi\u015f veya do\u011frulanmam\u0131\u015f 19 \u00f6nemli konunun ele al\u0131nmas\u0131 i\u00e7in nadir bir f\u0131rsat oldu\u011funu vurgulayan Nakamitsu, \u00f6rg\u00fct\u00fcn teknik biriminden bir teknik uzman ekibinin, \u00f6rg\u00fct\u00fcn Suriye&#8217;de kal\u0131c\u0131 bir varl\u0131k olu\u015fturmas\u0131 ve ortak planlamaya ba\u015flamas\u0131 i\u00e7in \u00e7al\u0131\u015fmalara ba\u015flamak \u00fczere ge\u00e7en mart ay\u0131nda \u015eam&#8217;\u0131 ziyaret etti\u011fini s\u00f6zlerine ekledi.<\/p>\n<p style=\"text-align: justify;\">Nakamitsu ayr\u0131ca, Suriye makamlar\u0131n\u0131n \u00f6rg\u00fct ve teknik sekreterli\u011fiyle tam ve \u015feffaf bir i\u015fbirli\u011fine olan ba\u011fl\u0131l\u0131\u011f\u0131n\u0131 takdir ederek, \u00f6n\u00fcm\u00fczdeki \u00e7al\u0131\u015fmalar\u0131n kolay olmayaca\u011f\u0131n\u0131 ve uluslararas\u0131 toplumun deste\u011fine ihtiya\u00e7 duyulaca\u011f\u0131n\u0131 s\u00f6yledi.<\/p>\n<p style=\"text-align: justify;\">Temsilci a\u00e7\u0131klamas\u0131nda da, G\u00fcvenlik Konseyi \u00fcyelerini birle\u015fmeye ve bu benzeri g\u00f6r\u00fclmemi\u015f \u00e7abaya gereken deste\u011fi sa\u011flamaya \u00e7a\u011f\u0131rarak, \u00a0Birle\u015fmi\u015f Milletler&#8217;in Kimyasal Silahlar S\u00f6zle\u015fmesi&#8217;nin her zaman ve her yerde tam olarak uygulanmas\u0131n\u0131 destekleme taahh\u00fcd\u00fcn\u00fc teyit etti.<\/p>\n","protected":false},"excerpt":{"rendered":"<p>NEW YORK (SANA) &#8211;\u00a0 BM Silahs\u0131zlanma \u0130\u015fleri Y\u00fcksek Temsilcisi Izumi Nakamitsu, Suriye&#8217;deki yeni siyasi ger\u00e7ekli\u011fin, Suriye&#8217;nin kimyasal silah program\u0131yla ilgili uzun s\u00fcredir devam eden sorunlar\u0131n \u00e7\u00f6z\u00fcm\u00fc i\u00e7in \u00f6nemli bir f\u0131rsat sundu\u011funu vurgulad\u0131. BM Haber Ajans\u0131&#8217;n\u0131n haberine g\u00f6re, Nakamitsu d\u00fcn BM G\u00fcvenlik Konseyi&#8217;ne verdi\u011fi brifingde, OPCW Sekreterli\u011fi ile d\u00fczenli ileti\u015fim halinde olundu\u011funu ve Suriye makamlar\u0131n\u0131n \u00f6rg\u00fctle &hellip;<\/p>\n","protected":false},"author":41,"featured_media":322681,"comment_status":"closed","ping_status":"closed","sticky":false,"template":"","format":"standard","meta":{"footnotes":""},"categories":[458,589,459,17988],"tags":[],"class_list":["post-322680","post","type-post","status-publish","format-standard","has-post-thumbnail","","category-dunya1","category-haber-seridi","category-haberler-arap-uluslararasi-politika","category-son-haberler"],"_links":{"self":[{"href":"https:\/\/archive.sana.sy\/tr\/index.php?rest_route=\/wp\/v2\/posts\/322680","targetHints":{"allow":["GET"]}}],"collection":[{"href":"https:\/\/archive.sana.sy\/tr\/index.php?rest_route=\/wp\/v2\/posts"}],"about":[{"href":"https:\/\/archive.sana.sy\/tr\/index.php?rest_route=\/wp\/v2\/types\/post"}],"author":[{"embeddable":true,"href":"https:\/\/archive.sana.sy\/tr\/index.php?rest_route=\/wp\/v2\/users\/41"}],"replies":[{"embeddable":true,"href":"https:\/\/archive.sana.sy\/tr\/index.php?rest_route=%2Fwp%2Fv2%2Fcomments&post=322680"}],"version-history":[{"count":1,"href":"https:\/\/archive.sana.sy\/tr\/index.php?rest_route=\/wp\/v2\/posts\/322680\/revisions"}],"predecessor-version":[{"id":322682,"href":"https:\/\/archive.sana.sy\/tr\/index.php?rest_route=\/wp\/v2\/posts\/322680\/revisions\/322682"}],"wp:featuredmedia":[{"embeddable":true,"href":"https:\/\/archive.sana.sy\/tr\/index.php?rest_route=\/wp\/v2\/media\/322681"}],"wp:attachment":[{"href":"https:\/\/archive.sana.sy\/tr\/index.php?rest_route=%2Fwp%2Fv2%2Fmedia&parent=322680"}],"wp:term":[{"taxonomy":"category","embeddable":true,"href":"https:\/\/archive.sana.sy\/tr\/index.php?rest_route=%2Fwp%2Fv2%2Fcategories&post=322680"},{"taxonomy":"post_tag","embeddable":true,"href":"https:\/\/archive.sana.sy\/tr\/index.php?rest_route=%2Fwp%2Fv2%2Ftags&post=322680"}],"curies":[{"name":"wp","href":"https:\/\/api.w.org\/{rel}","templated":true}]}}