{"id":322686,"date":"2025-06-06T13:56:12","date_gmt":"2025-06-06T10:56:12","guid":{"rendered":"https:\/\/sana.sy\/tr\/?p=322686"},"modified":"2025-06-06T13:56:12","modified_gmt":"2025-06-06T10:56:12","slug":"yuksek-fetva-konseyi-kisisel-intikami-yasaklayan-ve-haklarin-yargi-yoluyla-elde-edilebilecegini-belirten-bir-fetva-yayimladi","status":"publish","type":"post","link":"https:\/\/archive.sana.sy\/tr\/?p=322686","title":{"rendered":"Y\u00fcksek Fetva Konseyi, Ki\u015fisel \u0130ntikam\u0131 Yasaklayan Ve Haklar\u0131n Yarg\u0131 Yoluyla Elde Edilebilece\u011fini Belirten Bir Fetva Yay\u0131mlad\u0131"},"content":{"rendered":"<p style=\"text-align: justify;\"><strong><span style=\"color: #ff0000;\">\u015eAM (SANA)<\/span><\/strong> &#8211; \u00a0Y\u00fcksek Fetva Konseyi, kan, mal ve namusa y\u00f6nelik sald\u0131r\u0131lar\u0131n kutsall\u0131\u011f\u0131n\u0131 vurgulayan bir fetva yay\u0131mlayarak, haklar\u0131n bireysel misillemeye ba\u015fvurulmadan yarg\u0131 ve yetkili makamlar arac\u0131l\u0131\u011f\u0131yla geri al\u0131nmas\u0131 gerekti\u011fini belirtti.<\/p>\n<p style=\"text-align: justify;\">Konsey, bireyleri intikam almaya te\u015fvik etmenin \u201cnifak ate\u015fini k\u00f6r\u00fckledi\u011fini ve toplumsal bar\u0131\u015f\u0131 tehdit etti\u011fini\u201d vurgulayarak, Y\u00fcce Allah\u2019\u0131n \u015fu s\u00f6zlerini hat\u0131rlatt\u0131: \u201cAllah\u2019\u0131n haram k\u0131ld\u0131\u011f\u0131 cana haks\u0131z yere k\u0131ymay\u0131n.\u201d<\/p>\n<p style=\"text-align: justify;\">Konsey ayr\u0131ca, yetkililere &#8220;dava s\u00fcre\u00e7lerini h\u0131zland\u0131rmalar\u0131, eski rejimin insanlar\u0131 ezmek i\u00e7in bir arac\u0131 olarak hizmet eden yolsuz yarg\u0131\u00e7lar\u0131 g\u00f6revden almalar\u0131 ve toplumsal istikrar\u0131 korumak i\u00e7in adaletin sa\u011flanmas\u0131n\u0131 g\u00fcvence alt\u0131na almalar\u0131&#8221; \u00e7a\u011fr\u0131s\u0131nda bulundu.<\/p>\n<p style=\"text-align: justify;\">Fetvan\u0131n sonunda Konsey, adaletin tesisi ve haks\u0131zl\u0131klar\u0131n ortadan kald\u0131r\u0131lmas\u0131n\u0131n toplumlar\u0131n istikrar\u0131 ve ilerlemesi i\u00e7in en \u00f6nemli unsurlardan biri oldu\u011funu vurgulad\u0131.<\/p>\n","protected":false},"excerpt":{"rendered":"<p>\u015eAM (SANA) &#8211; \u00a0Y\u00fcksek Fetva Konseyi, kan, mal ve namusa y\u00f6nelik sald\u0131r\u0131lar\u0131n kutsall\u0131\u011f\u0131n\u0131 vurgulayan bir fetva yay\u0131mlayarak, haklar\u0131n bireysel misillemeye ba\u015fvurulmadan yarg\u0131 ve yetkili makamlar arac\u0131l\u0131\u011f\u0131yla geri al\u0131nmas\u0131 gerekti\u011fini belirtti. Konsey, bireyleri intikam almaya te\u015fvik etmenin \u201cnifak ate\u015fini k\u00f6r\u00fckledi\u011fini ve toplumsal bar\u0131\u015f\u0131 tehdit etti\u011fini\u201d vurgulayarak, Y\u00fcce Allah\u2019\u0131n \u015fu s\u00f6zlerini hat\u0131rlatt\u0131: \u201cAllah\u2019\u0131n haram k\u0131ld\u0131\u011f\u0131 cana haks\u0131z &hellip;<\/p>\n","protected":false},"author":41,"featured_media":322687,"comment_status":"closed","ping_status":"closed","sticky":false,"template":"","format":"standard","meta":{"footnotes":""},"categories":[589,479,17988,478],"tags":[],"class_list":["post-322686","post","type-post","status-publish","format-standard","has-post-thumbnail","","category-haber-seridi","category-haberler-yerel","category-son-haberler","category-yerel"],"_links":{"self":[{"href":"https:\/\/archive.sana.sy\/tr\/index.php?rest_route=\/wp\/v2\/posts\/322686","targetHints":{"allow":["GET"]}}],"collection":[{"href":"https:\/\/archive.sana.sy\/tr\/index.php?rest_route=\/wp\/v2\/posts"}],"about":[{"href":"https:\/\/archive.sana.sy\/tr\/index.php?rest_route=\/wp\/v2\/types\/post"}],"author":[{"embeddable":true,"href":"https:\/\/archive.sana.sy\/tr\/index.php?rest_route=\/wp\/v2\/users\/41"}],"replies":[{"embeddable":true,"href":"https:\/\/archive.sana.sy\/tr\/index.php?rest_route=%2Fwp%2Fv2%2Fcomments&post=322686"}],"version-history":[{"count":1,"href":"https:\/\/archive.sana.sy\/tr\/index.php?rest_route=\/wp\/v2\/posts\/322686\/revisions"}],"predecessor-version":[{"id":322688,"href":"https:\/\/archive.sana.sy\/tr\/index.php?rest_route=\/wp\/v2\/posts\/322686\/revisions\/322688"}],"wp:featuredmedia":[{"embeddable":true,"href":"https:\/\/archive.sana.sy\/tr\/index.php?rest_route=\/wp\/v2\/media\/322687"}],"wp:attachment":[{"href":"https:\/\/archive.sana.sy\/tr\/index.php?rest_route=%2Fwp%2Fv2%2Fmedia&parent=322686"}],"wp:term":[{"taxonomy":"category","embeddable":true,"href":"https:\/\/archive.sana.sy\/tr\/index.php?rest_route=%2Fwp%2Fv2%2Fcategories&post=322686"},{"taxonomy":"post_tag","embeddable":true,"href":"https:\/\/archive.sana.sy\/tr\/index.php?rest_route=%2Fwp%2Fv2%2Ftags&post=322686"}],"curies":[{"name":"wp","href":"https:\/\/api.w.org\/{rel}","templated":true}]}}