{"id":3227,"date":"2014-06-16T10:10:25","date_gmt":"2014-06-16T07:10:25","guid":{"rendered":"http:\/\/sanasyria.org\/tr\/?p=3227"},"modified":"2014-06-19T12:58:15","modified_gmt":"2014-06-19T09:58:15","slug":"genel-af-kapsaminda-serbest-birakma-islemleri-suruyor","status":"publish","type":"post","link":"https:\/\/archive.sana.sy\/tr\/?p=3227","title":{"rendered":"Genel Af Kapsam\u0131nda Serbest B\u0131rakma \u0130\u015flemleri S\u00fcr\u00fcyor"},"content":{"rendered":"<p><span>DERA \u2013<\/span> Dera ilinde ba\u015fsavc\u0131 Saud el Muhammed; 2014\/22 say\u0131l\u0131 genel af karar\u0131 kapsam\u0131nda mahkum ve tutuklular\u0131n dosyalar\u0131n\u0131 inceleme \u00e7al\u0131\u015fmalar\u0131n\u0131n devam etti\u011fini a\u00e7\u0131klad\u0131.<\/p>\n<p>Ba\u015fsavc\u0131 Muhammed bu ba\u011flamda bug\u00fcn 11 ki\u015finin kanuni durumlar\u0131n\u0131n d\u00fczeltilip serbest b\u0131rak\u0131ld\u0131klar\u0131n\u0131 s\u00f6ylerken \u015fu ana dek serbest b\u0131rak\u0131lanlar\u0131n toplam say\u0131s\u0131n\u0131n 135 ki\u015fiyi buldu\u011funu belirtti.<\/p>\n","protected":false},"excerpt":{"rendered":"<p>DERA \u2013 Dera ilinde ba\u015fsavc\u0131 Saud el Muhammed; 2014\/22 say\u0131l\u0131 genel af karar\u0131 kapsam\u0131nda mahkum ve tutuklular\u0131n dosyalar\u0131n\u0131 inceleme \u00e7al\u0131\u015fmalar\u0131n\u0131n devam etti\u011fini a\u00e7\u0131klad\u0131. Ba\u015fsavc\u0131 Muhammed bu ba\u011flamda bug\u00fcn 11 ki\u015finin kanuni durumlar\u0131n\u0131n d\u00fczeltilip serbest b\u0131rak\u0131ld\u0131klar\u0131n\u0131 s\u00f6ylerken \u015fu ana dek serbest b\u0131rak\u0131lanlar\u0131n toplam say\u0131s\u0131n\u0131n 135 ki\u015fiyi buldu\u011funu belirtti.<\/p>\n","protected":false},"author":1,"featured_media":3228,"comment_status":"closed","ping_status":"closed","sticky":false,"template":"","format":"standard","meta":{"footnotes":""},"categories":[479,575,478],"tags":[710],"class_list":["post-3227","post","type-post","status-publish","format-standard","has-post-thumbnail","","category-haberler-yerel","category-olaylar-ve-gercekler","category-yerel","tag-genel-af-kapsaminda-serbest-birakma-islemleri-suruyor"],"_links":{"self":[{"href":"https:\/\/archive.sana.sy\/tr\/index.php?rest_route=\/wp\/v2\/posts\/3227","targetHints":{"allow":["GET"]}}],"collection":[{"href":"https:\/\/archive.sana.sy\/tr\/index.php?rest_route=\/wp\/v2\/posts"}],"about":[{"href":"https:\/\/archive.sana.sy\/tr\/index.php?rest_route=\/wp\/v2\/types\/post"}],"author":[{"embeddable":true,"href":"https:\/\/archive.sana.sy\/tr\/index.php?rest_route=\/wp\/v2\/users\/1"}],"replies":[{"embeddable":true,"href":"https:\/\/archive.sana.sy\/tr\/index.php?rest_route=%2Fwp%2Fv2%2Fcomments&post=3227"}],"version-history":[{"count":0,"href":"https:\/\/archive.sana.sy\/tr\/index.php?rest_route=\/wp\/v2\/posts\/3227\/revisions"}],"wp:featuredmedia":[{"embeddable":true,"href":"https:\/\/archive.sana.sy\/tr\/index.php?rest_route=\/wp\/v2\/media\/3228"}],"wp:attachment":[{"href":"https:\/\/archive.sana.sy\/tr\/index.php?rest_route=%2Fwp%2Fv2%2Fmedia&parent=3227"}],"wp:term":[{"taxonomy":"category","embeddable":true,"href":"https:\/\/archive.sana.sy\/tr\/index.php?rest_route=%2Fwp%2Fv2%2Fcategories&post=3227"},{"taxonomy":"post_tag","embeddable":true,"href":"https:\/\/archive.sana.sy\/tr\/index.php?rest_route=%2Fwp%2Fv2%2Ftags&post=3227"}],"curies":[{"name":"wp","href":"https:\/\/api.w.org\/{rel}","templated":true}]}}