{"id":322730,"date":"2025-06-07T15:46:52","date_gmt":"2025-06-07T12:46:52","guid":{"rendered":"https:\/\/sana.sy\/tr\/?p=322730"},"modified":"2025-06-09T09:58:58","modified_gmt":"2025-06-09T06:58:58","slug":"cumhurbaskani-el-sara-dera-valiligine-yaptigi-ziyarette-hiristiyan-mezheplerinden-olusan-bir-heyetle-gorustu","status":"publish","type":"post","link":"https:\/\/archive.sana.sy\/tr\/?p=322730","title":{"rendered":"Cumhurba\u015fkan\u0131 El \u015eara, Dera Valili\u011fi&#8217;ne Yapt\u0131\u011f\u0131 Ziyarette H\u0131ristiyan Mezheplerinden Olu\u015fan Bir Heyetle G\u00f6r\u00fc\u015ft\u00fc"},"content":{"rendered":"<p style=\"text-align: justify;\"><span style=\"color: #ff0000;\"><strong>DERA (SANA) &#8211;<\/strong><\/span> Cumhurba\u015fkan\u0131 Say\u0131n Ahmed El \u015eara, Dera Valili\u011fi ziyareti s\u0131ras\u0131nda bir Hristiyan mezhepleri heyeti ile bir araya geldi.<\/p>\n<div id='gallery-1' class='gallery galleryid-322730 gallery-columns-1 gallery-size-full'><figure class='gallery-item'>\n\t\t\t<div class='gallery-icon landscape'>\n\t\t\t\t<a href='https:\/\/archive.sana.sy\/tr\/?attachment_id=322733'><img loading=\"lazy\" decoding=\"async\" width=\"660\" height=\"370\" src=\"https:\/\/archive.sana.sy\/tr\/wp-content\/uploads\/2025\/06\/photo_2025-06-06_21-04-05-3-copy.jpg\" class=\"attachment-full size-full\" alt=\"\" srcset=\"https:\/\/archive.sana.sy\/tr\/wp-content\/uploads\/2025\/06\/photo_2025-06-06_21-04-05-3-copy.jpg 660w, https:\/\/archive.sana.sy\/tr\/wp-content\/uploads\/2025\/06\/photo_2025-06-06_21-04-05-3-copy-300x168.jpg 300w\" sizes=\"auto, (max-width: 660px) 100vw, 660px\" \/><\/a>\n\t\t\t<\/div><\/figure><figure class='gallery-item'>\n\t\t\t<div class='gallery-icon landscape'>\n\t\t\t\t<a href='https:\/\/archive.sana.sy\/tr\/?attachment_id=322732'><img loading=\"lazy\" decoding=\"async\" width=\"660\" height=\"370\" src=\"https:\/\/archive.sana.sy\/tr\/wp-content\/uploads\/2025\/06\/photo_2025-06-06_21-04-05-copy.jpg\" class=\"attachment-full size-full\" alt=\"\" srcset=\"https:\/\/archive.sana.sy\/tr\/wp-content\/uploads\/2025\/06\/photo_2025-06-06_21-04-05-copy.jpg 660w, https:\/\/archive.sana.sy\/tr\/wp-content\/uploads\/2025\/06\/photo_2025-06-06_21-04-05-copy-300x168.jpg 300w\" sizes=\"auto, (max-width: 660px) 100vw, 660px\" \/><\/a>\n\t\t\t<\/div><\/figure><figure class='gallery-item'>\n\t\t\t<div class='gallery-icon landscape'>\n\t\t\t\t<a href='https:\/\/archive.sana.sy\/tr\/?attachment_id=322735'><img loading=\"lazy\" decoding=\"async\" width=\"660\" height=\"370\" src=\"https:\/\/archive.sana.sy\/tr\/wp-content\/uploads\/2025\/06\/photo_2025-06-06_21-04-05-5-copy.jpg\" class=\"attachment-full size-full\" alt=\"\" srcset=\"https:\/\/archive.sana.sy\/tr\/wp-content\/uploads\/2025\/06\/photo_2025-06-06_21-04-05-5-copy.jpg 660w, https:\/\/archive.sana.sy\/tr\/wp-content\/uploads\/2025\/06\/photo_2025-06-06_21-04-05-5-copy-300x168.jpg 300w\" sizes=\"auto, (max-width: 660px) 100vw, 660px\" \/><\/a>\n\t\t\t<\/div><\/figure><figure class='gallery-item'>\n\t\t\t<div class='gallery-icon landscape'>\n\t\t\t\t<a href='https:\/\/archive.sana.sy\/tr\/?attachment_id=322734'><img loading=\"lazy\" decoding=\"async\" width=\"660\" height=\"370\" src=\"https:\/\/archive.sana.sy\/tr\/wp-content\/uploads\/2025\/06\/photo_2025-06-06_21-04-05-4-copy.jpg\" class=\"attachment-full size-full\" alt=\"\" srcset=\"https:\/\/archive.sana.sy\/tr\/wp-content\/uploads\/2025\/06\/photo_2025-06-06_21-04-05-4-copy.jpg 660w, https:\/\/archive.sana.sy\/tr\/wp-content\/uploads\/2025\/06\/photo_2025-06-06_21-04-05-4-copy-300x168.jpg 300w\" sizes=\"auto, (max-width: 660px) 100vw, 660px\" \/><\/a>\n\t\t\t<\/div><\/figure>\n\t\t<\/div>\n\n","protected":false},"excerpt":{"rendered":"<p>DERA (SANA) &#8211; Cumhurba\u015fkan\u0131 Say\u0131n Ahmed El \u015eara, Dera Valili\u011fi ziyareti s\u0131ras\u0131nda bir Hristiyan mezhepleri heyeti ile bir araya geldi.<\/p>\n","protected":false},"author":41,"featured_media":322731,"comment_status":"closed","ping_status":"closed","sticky":false,"template":"","format":"standard","meta":{"footnotes":""},"categories":[610,605,17988],"tags":[],"class_list":["post-322730","post","type-post","status-publish","format-standard","has-post-thumbnail","","category-geziler","category-sayin-cumhurbaskani","category-son-haberler"],"_links":{"self":[{"href":"https:\/\/archive.sana.sy\/tr\/index.php?rest_route=\/wp\/v2\/posts\/322730","targetHints":{"allow":["GET"]}}],"collection":[{"href":"https:\/\/archive.sana.sy\/tr\/index.php?rest_route=\/wp\/v2\/posts"}],"about":[{"href":"https:\/\/archive.sana.sy\/tr\/index.php?rest_route=\/wp\/v2\/types\/post"}],"author":[{"embeddable":true,"href":"https:\/\/archive.sana.sy\/tr\/index.php?rest_route=\/wp\/v2\/users\/41"}],"replies":[{"embeddable":true,"href":"https:\/\/archive.sana.sy\/tr\/index.php?rest_route=%2Fwp%2Fv2%2Fcomments&post=322730"}],"version-history":[{"count":1,"href":"https:\/\/archive.sana.sy\/tr\/index.php?rest_route=\/wp\/v2\/posts\/322730\/revisions"}],"predecessor-version":[{"id":322736,"href":"https:\/\/archive.sana.sy\/tr\/index.php?rest_route=\/wp\/v2\/posts\/322730\/revisions\/322736"}],"wp:featuredmedia":[{"embeddable":true,"href":"https:\/\/archive.sana.sy\/tr\/index.php?rest_route=\/wp\/v2\/media\/322731"}],"wp:attachment":[{"href":"https:\/\/archive.sana.sy\/tr\/index.php?rest_route=%2Fwp%2Fv2%2Fmedia&parent=322730"}],"wp:term":[{"taxonomy":"category","embeddable":true,"href":"https:\/\/archive.sana.sy\/tr\/index.php?rest_route=%2Fwp%2Fv2%2Fcategories&post=322730"},{"taxonomy":"post_tag","embeddable":true,"href":"https:\/\/archive.sana.sy\/tr\/index.php?rest_route=%2Fwp%2Fv2%2Ftags&post=322730"}],"curies":[{"name":"wp","href":"https:\/\/api.w.org\/{rel}","templated":true}]}}