{"id":322743,"date":"2025-06-07T15:52:56","date_gmt":"2025-06-07T12:52:56","guid":{"rendered":"https:\/\/sana.sy\/tr\/?p=322743"},"modified":"2025-06-07T15:52:56","modified_gmt":"2025-06-07T12:52:56","slug":"abdnin-suriye-ozel-temsilcisi-trumpin-suriye-vizyonunun-umutlu-ve-ulasilabilir-oldugunu-dogruladi","status":"publish","type":"post","link":"https:\/\/archive.sana.sy\/tr\/?p=322743","title":{"rendered":"ABD&#8217;nin Suriye \u00d6zel Temsilcisi Trump&#8217;\u0131n Suriye Vizyonunun Umutlu Ve Ula\u015f\u0131labilir Oldu\u011funu Do\u011frulad\u0131"},"content":{"rendered":"<p style=\"text-align: justify;\"><strong><span style=\"color: #ff0000;\">VA\u015e\u0130NGTON (SANA)<\/span> <\/strong>&#8211; ABD&#8217;nin Suriye \u00d6zel Temsilcisi Thomas Barrack, ABD Ba\u015fkan\u0131 Donald Trump&#8217;\u0131n Suriye vizyonunun iyimserlik, umut ve ula\u015f\u0131labilirlikle dolu oldu\u011funu do\u011frulad\u0131.<\/p>\n<p style=\"text-align: justify;\">Barrack (X) \u00fczerinden att\u0131\u011f\u0131 tweette \u015fu ifadeleri kulland\u0131: &#8221;Beyaz Saray&#8217;da Ba\u015fkan Trump ve D\u0131\u015fi\u015fleri Bakan\u0131 Marco Rubio ile g\u00f6r\u00fc\u015ft\u00fcm. Konu\u015fma Orta Do\u011fu, \u00f6zellikle Suriye ve T\u00fcrkiye etraf\u0131nda d\u00f6nd\u00fc. Ba\u015fkan&#8217;\u0131n bu konudaki vizyonunun sadece iyimser de\u011fil, ayn\u0131 zamanda ula\u015f\u0131labilir oldu\u011funu do\u011frulayabilirim.&#8221;<\/p>\n<p style=\"text-align: justify;\">Bir di\u011fer tweetinde d\u00fcn Suriye&#8217;deki Y\u00fcksek Fetva Konseyi taraf\u0131ndan yay\u0131mlanan ve kan ve namusa y\u00f6nelik sald\u0131r\u0131lar\u0131 ve ki\u015fisel intikam\u0131 yasaklayan fetvay\u0131 memnuniyetle kar\u015f\u0131layan Barrack, &#8221;Fetva, yeni Suriye h\u00fck\u00fcmetinin yeni bir Suriye&#8217;ye do\u011fru ilerlemesi i\u00e7in harika bir ilk ad\u0131m&#8221; ifadelerini kulland\u0131.<\/p>\n","protected":false},"excerpt":{"rendered":"<p>VA\u015e\u0130NGTON (SANA) &#8211; ABD&#8217;nin Suriye \u00d6zel Temsilcisi Thomas Barrack, ABD Ba\u015fkan\u0131 Donald Trump&#8217;\u0131n Suriye vizyonunun iyimserlik, umut ve ula\u015f\u0131labilirlikle dolu oldu\u011funu do\u011frulad\u0131. Barrack (X) \u00fczerinden att\u0131\u011f\u0131 tweette \u015fu ifadeleri kulland\u0131: &#8221;Beyaz Saray&#8217;da Ba\u015fkan Trump ve D\u0131\u015fi\u015fleri Bakan\u0131 Marco Rubio ile g\u00f6r\u00fc\u015ft\u00fcm. Konu\u015fma Orta Do\u011fu, \u00f6zellikle Suriye ve T\u00fcrkiye etraf\u0131nda d\u00f6nd\u00fc. Ba\u015fkan&#8217;\u0131n bu konudaki vizyonunun sadece &hellip;<\/p>\n","protected":false},"author":41,"featured_media":322744,"comment_status":"closed","ping_status":"closed","sticky":false,"template":"","format":"standard","meta":{"footnotes":""},"categories":[458,589,459,17988],"tags":[],"class_list":["post-322743","post","type-post","status-publish","format-standard","has-post-thumbnail","","category-dunya1","category-haber-seridi","category-haberler-arap-uluslararasi-politika","category-son-haberler"],"_links":{"self":[{"href":"https:\/\/archive.sana.sy\/tr\/index.php?rest_route=\/wp\/v2\/posts\/322743","targetHints":{"allow":["GET"]}}],"collection":[{"href":"https:\/\/archive.sana.sy\/tr\/index.php?rest_route=\/wp\/v2\/posts"}],"about":[{"href":"https:\/\/archive.sana.sy\/tr\/index.php?rest_route=\/wp\/v2\/types\/post"}],"author":[{"embeddable":true,"href":"https:\/\/archive.sana.sy\/tr\/index.php?rest_route=\/wp\/v2\/users\/41"}],"replies":[{"embeddable":true,"href":"https:\/\/archive.sana.sy\/tr\/index.php?rest_route=%2Fwp%2Fv2%2Fcomments&post=322743"}],"version-history":[{"count":1,"href":"https:\/\/archive.sana.sy\/tr\/index.php?rest_route=\/wp\/v2\/posts\/322743\/revisions"}],"predecessor-version":[{"id":322745,"href":"https:\/\/archive.sana.sy\/tr\/index.php?rest_route=\/wp\/v2\/posts\/322743\/revisions\/322745"}],"wp:featuredmedia":[{"embeddable":true,"href":"https:\/\/archive.sana.sy\/tr\/index.php?rest_route=\/wp\/v2\/media\/322744"}],"wp:attachment":[{"href":"https:\/\/archive.sana.sy\/tr\/index.php?rest_route=%2Fwp%2Fv2%2Fmedia&parent=322743"}],"wp:term":[{"taxonomy":"category","embeddable":true,"href":"https:\/\/archive.sana.sy\/tr\/index.php?rest_route=%2Fwp%2Fv2%2Fcategories&post=322743"},{"taxonomy":"post_tag","embeddable":true,"href":"https:\/\/archive.sana.sy\/tr\/index.php?rest_route=%2Fwp%2Fv2%2Ftags&post=322743"}],"curies":[{"name":"wp","href":"https:\/\/api.w.org\/{rel}","templated":true}]}}