{"id":322746,"date":"2025-06-07T15:54:39","date_gmt":"2025-06-07T12:54:39","guid":{"rendered":"https:\/\/sana.sy\/tr\/?p=322746"},"modified":"2025-06-07T15:54:39","modified_gmt":"2025-06-07T12:54:39","slug":"ingiltere-suriyenin-ksyo-ile-is-birligine-olan-bagliligini-memnuniyetle-karsiladi","status":"publish","type":"post","link":"https:\/\/archive.sana.sy\/tr\/?p=322746","title":{"rendered":"\u0130ngiltere, Suriye&#8217;nin KSY\u00d6 \u0130le \u0130\u015f Birli\u011fine Olan Ba\u011fl\u0131l\u0131\u011f\u0131n\u0131 Memnuniyetle Kar\u015f\u0131lad\u0131"},"content":{"rendered":"<p style=\"text-align: justify;\"><span style=\"color: #ff0000;\"><strong>LONDRA (SANA)<\/strong><\/span> &#8211;\u00a0\u0130ngiltere, Suriye h\u00fck\u00fcmetinin Kimyasal Silahlar\u0131n Yasaklanmas\u0131 \u00d6rg\u00fct\u00fc ile i\u015f birli\u011fine olan ba\u011fl\u0131l\u0131\u011f\u0131n\u0131 memnuniyetle kar\u015f\u0131lad\u0131.<\/p>\n<p style=\"text-align: justify;\">D\u0131\u015fi\u015fleri, Milletler Toplulu\u011fu ve Kalk\u0131nma Ofisi&#8217;nin X platformu \u00fczerinden web sitesinde yay\u0131nlanan bir g\u00f6nderide \u015fu ifadeler yer ald\u0131: &#8220;Birle\u015fik Krall\u0131k, Suriye h\u00fck\u00fcmetinin tarihin sayfalar\u0131n\u0131 \u00e7evirme konusundaki g\u00fc\u00e7l\u00fc ba\u011fl\u0131l\u0131\u011f\u0131n\u0131 ve Esad d\u00f6nemi kimyasal silah program\u0131n\u0131n tamamen yok edilmesini sa\u011flama kararl\u0131l\u0131\u011f\u0131n\u0131 memnuniyetle kar\u015f\u0131l\u0131yor.&#8221;<\/p>\n<p style=\"text-align: justify;\">Bakanl\u0131k ayr\u0131ca \u015funlar\u0131 ekledi: &#8220;Suriye&#8217;nin OPCW ziyaretlerine sa\u011flad\u0131\u011f\u0131 operasyonel ve lojistik destek ve uluslararas\u0131 toplumla etkile\u015fime girme konusundaki ba\u011fl\u0131l\u0131\u011f\u0131ndan cesaret al\u0131yoruz.&#8221;<\/p>\n","protected":false},"excerpt":{"rendered":"<p>LONDRA (SANA) &#8211;\u00a0\u0130ngiltere, Suriye h\u00fck\u00fcmetinin Kimyasal Silahlar\u0131n Yasaklanmas\u0131 \u00d6rg\u00fct\u00fc ile i\u015f birli\u011fine olan ba\u011fl\u0131l\u0131\u011f\u0131n\u0131 memnuniyetle kar\u015f\u0131lad\u0131. D\u0131\u015fi\u015fleri, Milletler Toplulu\u011fu ve Kalk\u0131nma Ofisi&#8217;nin X platformu \u00fczerinden web sitesinde yay\u0131nlanan bir g\u00f6nderide \u015fu ifadeler yer ald\u0131: &#8220;Birle\u015fik Krall\u0131k, Suriye h\u00fck\u00fcmetinin tarihin sayfalar\u0131n\u0131 \u00e7evirme konusundaki g\u00fc\u00e7l\u00fc ba\u011fl\u0131l\u0131\u011f\u0131n\u0131 ve Esad d\u00f6nemi kimyasal silah program\u0131n\u0131n tamamen yok edilmesini sa\u011flama kararl\u0131l\u0131\u011f\u0131n\u0131 &hellip;<\/p>\n","protected":false},"author":41,"featured_media":322747,"comment_status":"closed","ping_status":"closed","sticky":false,"template":"","format":"standard","meta":{"footnotes":""},"categories":[458,589,459,17988],"tags":[],"class_list":["post-322746","post","type-post","status-publish","format-standard","has-post-thumbnail","","category-dunya1","category-haber-seridi","category-haberler-arap-uluslararasi-politika","category-son-haberler"],"_links":{"self":[{"href":"https:\/\/archive.sana.sy\/tr\/index.php?rest_route=\/wp\/v2\/posts\/322746","targetHints":{"allow":["GET"]}}],"collection":[{"href":"https:\/\/archive.sana.sy\/tr\/index.php?rest_route=\/wp\/v2\/posts"}],"about":[{"href":"https:\/\/archive.sana.sy\/tr\/index.php?rest_route=\/wp\/v2\/types\/post"}],"author":[{"embeddable":true,"href":"https:\/\/archive.sana.sy\/tr\/index.php?rest_route=\/wp\/v2\/users\/41"}],"replies":[{"embeddable":true,"href":"https:\/\/archive.sana.sy\/tr\/index.php?rest_route=%2Fwp%2Fv2%2Fcomments&post=322746"}],"version-history":[{"count":1,"href":"https:\/\/archive.sana.sy\/tr\/index.php?rest_route=\/wp\/v2\/posts\/322746\/revisions"}],"predecessor-version":[{"id":322748,"href":"https:\/\/archive.sana.sy\/tr\/index.php?rest_route=\/wp\/v2\/posts\/322746\/revisions\/322748"}],"wp:featuredmedia":[{"embeddable":true,"href":"https:\/\/archive.sana.sy\/tr\/index.php?rest_route=\/wp\/v2\/media\/322747"}],"wp:attachment":[{"href":"https:\/\/archive.sana.sy\/tr\/index.php?rest_route=%2Fwp%2Fv2%2Fmedia&parent=322746"}],"wp:term":[{"taxonomy":"category","embeddable":true,"href":"https:\/\/archive.sana.sy\/tr\/index.php?rest_route=%2Fwp%2Fv2%2Fcategories&post=322746"},{"taxonomy":"post_tag","embeddable":true,"href":"https:\/\/archive.sana.sy\/tr\/index.php?rest_route=%2Fwp%2Fv2%2Ftags&post=322746"}],"curies":[{"name":"wp","href":"https:\/\/api.w.org\/{rel}","templated":true}]}}