{"id":322770,"date":"2025-06-07T17:19:38","date_gmt":"2025-06-07T14:19:38","guid":{"rendered":"https:\/\/sana.sy\/tr\/?p=322770"},"modified":"2025-06-07T17:21:56","modified_gmt":"2025-06-07T14:21:56","slug":"abd-senatosu-suriyeyi-haydut-devletler-listesinden-cikarmak-icin-oy-kullandi","status":"publish","type":"post","link":"https:\/\/archive.sana.sy\/tr\/?p=322770","title":{"rendered":"ABD Senatosu Suriye&#8217;yi &#8220;Haydut Devletler&#8221; Listesinden \u00c7\u0131karma Karar\u0131 Ald\u0131"},"content":{"rendered":"<p style=\"text-align: justify;\"><strong><span style=\"color: #ff0000;\">VA\u015e\u0130NGTON (SANA)<\/span> &#8211;<\/strong> ABD Senatosu, Suriye&#8217;yi, ABD&#8217;nin sivil n\u00fckleer enerji alan\u0131nda i\u015fbirli\u011fi veya yard\u0131m yapmas\u0131n\u0131n yasak oldu\u011fu &#8220;haydut devletler&#8221; listesinden \u00e7\u0131karma karar\u0131 ald\u0131.<\/p>\n<p style=\"text-align: justify;\">Beyaz Saray, X platformundaki resmi Arap\u00e7a sayfas\u0131nda Suriye&#8217;nin ad\u0131n\u0131n \u0130ran, Kuzey Kore, K\u00fcba, Venezuela ve di\u011fer \u00fclkelerle birlikte listede oldu\u011funu ve art\u0131k listede olmad\u0131\u011f\u0131n\u0131 a\u00e7\u0131klad\u0131.<\/p>\n","protected":false},"excerpt":{"rendered":"<p>VA\u015e\u0130NGTON (SANA) &#8211; ABD Senatosu, Suriye&#8217;yi, ABD&#8217;nin sivil n\u00fckleer enerji alan\u0131nda i\u015fbirli\u011fi veya yard\u0131m yapmas\u0131n\u0131n yasak oldu\u011fu &#8220;haydut devletler&#8221; listesinden \u00e7\u0131karma karar\u0131 ald\u0131. Beyaz Saray, X platformundaki resmi Arap\u00e7a sayfas\u0131nda Suriye&#8217;nin ad\u0131n\u0131n \u0130ran, Kuzey Kore, K\u00fcba, Venezuela ve di\u011fer \u00fclkelerle birlikte listede oldu\u011funu ve art\u0131k listede olmad\u0131\u011f\u0131n\u0131 a\u00e7\u0131klad\u0131.<\/p>\n","protected":false},"author":41,"featured_media":322771,"comment_status":"closed","ping_status":"closed","sticky":false,"template":"","format":"standard","meta":{"footnotes":""},"categories":[458,589,459,17988],"tags":[],"class_list":["post-322770","post","type-post","status-publish","format-standard","has-post-thumbnail","","category-dunya1","category-haber-seridi","category-haberler-arap-uluslararasi-politika","category-son-haberler"],"_links":{"self":[{"href":"https:\/\/archive.sana.sy\/tr\/index.php?rest_route=\/wp\/v2\/posts\/322770","targetHints":{"allow":["GET"]}}],"collection":[{"href":"https:\/\/archive.sana.sy\/tr\/index.php?rest_route=\/wp\/v2\/posts"}],"about":[{"href":"https:\/\/archive.sana.sy\/tr\/index.php?rest_route=\/wp\/v2\/types\/post"}],"author":[{"embeddable":true,"href":"https:\/\/archive.sana.sy\/tr\/index.php?rest_route=\/wp\/v2\/users\/41"}],"replies":[{"embeddable":true,"href":"https:\/\/archive.sana.sy\/tr\/index.php?rest_route=%2Fwp%2Fv2%2Fcomments&post=322770"}],"version-history":[{"count":3,"href":"https:\/\/archive.sana.sy\/tr\/index.php?rest_route=\/wp\/v2\/posts\/322770\/revisions"}],"predecessor-version":[{"id":322774,"href":"https:\/\/archive.sana.sy\/tr\/index.php?rest_route=\/wp\/v2\/posts\/322770\/revisions\/322774"}],"wp:featuredmedia":[{"embeddable":true,"href":"https:\/\/archive.sana.sy\/tr\/index.php?rest_route=\/wp\/v2\/media\/322771"}],"wp:attachment":[{"href":"https:\/\/archive.sana.sy\/tr\/index.php?rest_route=%2Fwp%2Fv2%2Fmedia&parent=322770"}],"wp:term":[{"taxonomy":"category","embeddable":true,"href":"https:\/\/archive.sana.sy\/tr\/index.php?rest_route=%2Fwp%2Fv2%2Fcategories&post=322770"},{"taxonomy":"post_tag","embeddable":true,"href":"https:\/\/archive.sana.sy\/tr\/index.php?rest_route=%2Fwp%2Fv2%2Ftags&post=322770"}],"curies":[{"name":"wp","href":"https:\/\/api.w.org\/{rel}","templated":true}]}}