{"id":32278,"date":"2015-05-06T17:15:45","date_gmt":"2015-05-06T14:15:45","guid":{"rendered":"http:\/\/sana.sy\/tr\/?p=32278"},"modified":"2015-05-09T14:58:25","modified_gmt":"2015-05-09T11:58:25","slug":"el-esad-sehit-cocuklarini-onurlandirma-etkinligine-katildi","status":"publish","type":"post","link":"https:\/\/archive.sana.sy\/tr\/?p=32278","title":{"rendered":"El Esad \u015eehit \u00c7ocuklar\u0131n\u0131 Onurland\u0131rma Etkinli\u011fine Kat\u0131ld\u0131"},"content":{"rendered":"<p>\u015eAM \u2013 Cumhurba\u015fkan\u0131 Be\u015f\u015far el Esad bug\u00fcn \u015eehit \u00c7ocuklar\u0131 Okullar\u0131 Kurumunun \u015eam\u2019daki Sanayi Semtinde \u015fehit \u00e7ocuklar\u0131n\u0131 onurland\u0131rma amac\u0131yla d\u00fczenledi\u011fi etkinli\u011fe kat\u0131ld\u0131.<\/p>\n<p>Suriye&#8217;ye y\u00f6nelik evrensel sava\u015fta vatan u\u011fruna canlar\u0131n\u0131 feda eden \u015fehit babalar\u0131n\u0131n yollar\u0131nda y\u00fcr\u00fcyerek muhtelif s\u0131n\u0131flar\u0131yla askeri akademilere giren \u015fehit \u00e7ocuklar\u0131n\u0131n onurland\u0131r\u0131ld\u0131\u011f\u0131 t\u00f6rende el Esad; kitlelerin yo\u011fun co\u015fkusu ortam\u0131nda; \u201csizlerle birlikte olmak istedim, \u00e7\u00fcnk\u00fc \u015fehit \u00e7ocuklar\u0131yla birlikte olmakla beni b\u00fcy\u00fck bir mutluluk sar\u0131yor. Bu m\u00fcnasebet benim i\u00e7in olduk\u00e7a de\u011ferlidir. \u00d6yle ki sembolik ve reel bir dizi anlam ta\u015f\u0131maktad\u0131r..\u201d dedi.<\/p>\n<p>\u015eehit aileleri ile bir araya gelmenin b\u00fcy\u00fck bir onur kayna\u011f\u0131 odlu\u011funu s\u00f6yleyen el Esad; hele de babalar\u0131n\u0131n yolunda y\u00fcr\u00fcyen askeri \u015fehit \u00e7ocuklar\u0131yla bir araya gelmek bu onuru daha da peki\u015ftirdi\u011fini kaydetti.<\/p>\n<p>El Esad; \u015fehitli\u011fin, insan\u0131n ta\u015f\u0131yaca\u011f\u0131 en kutsal ve asil \u015fey oldu\u011funu vurgularken, bu asil \u015feyin sadece \u015fehidi kapsamad\u0131\u011f\u0131n\u0131, ayn\u0131 zamanda \u015fehidin ard\u0131ndan bu emaneti ta\u015f\u0131yanlar\u0131 da kapsad\u0131\u011f\u0131n\u0131 ifade etti.<\/p>\n<p>Zor ko\u015fullarda bir toplum olarak g\u00f6rev ve vaciplerimizi yerine getirmemiz gerekti\u011fini belirten el Esad; ordudan s\u00fcrekli olarak bize moral vermesini beklememek gerekti\u011fini, bizlerin orduya moral vermek ve motive etmemiz gerekti\u011fini belirtti.<\/p>\n<p>S\u00f6zlerine devam eden el Esad; \u201chepimiz vatan i\u00e7in endi\u015feleniyoruz.. fakat endi\u015fe ile korkuyu, korkakl\u0131k ile bilgeli\u011fi birbirinden ay\u0131rmam\u0131z gerekiyor..\u201d ifadesini kulland\u0131.<\/p>\n<p>Bundan yakla\u015f\u0131k y\u00fczy\u0131l \u00f6nce Osmanl\u0131lar\u0131n Suriyeli yurtseverleri tutuklay\u0131p idam ettiklerini hat\u0131rlatan el Esad; y\u0131llar s\u00fcren bu tutuklama ve idamlar\u0131n 1916 y\u0131l\u0131nda zirveye ula\u015ft\u0131\u011f\u0131na dikkat \u00e7ekti. El Esad 1916 y\u0131l\u0131nda Osmanl\u0131lar\u0131n, Suriye halk\u0131n\u0131 Osmanl\u0131 zulm\u00fcne kar\u015f\u0131 savunan yurtsever kalabal\u0131k bir grubu tutuklay\u0131p idam ettiklerini belirtti.<\/p>\n<p>S\u00f6zlerine devam eden el Esad; o s\u00fcre\u00e7 i\u00e7inde Osmanl\u0131 katliamlar\u0131n\u0131n bu yurtsever grupla kalmad\u0131\u011f\u0131n\u0131, S\u00fcryani, Ermeni ve daha muhtelif halklardan milyonlarca insan\u0131 kapsad\u0131\u011f\u0131n\u0131 s\u00f6yledi.<\/p>\n<p>G\u00fcn\u00fcm\u00fczde de edat ve y\u00f6ntemlerin de\u011fi\u015fmesiyle Osmanl\u0131lar\u0131n ayn\u0131 \u015fekilde katliamlar\u0131n\u0131 s\u00fcrd\u00fcrd\u00fcklerini belirten el Esad; Osmanl\u0131 d\u00f6neminde idam eylemleri d\u00fczenleyenin cani\u00a0Cemal Pa\u015fa oldu\u011funu s\u00f6yledi. El Esad; g\u00fcn\u00fcm\u00fczde ise idam eylemlerinde bulunan\u0131n da cani Erdo\u011fan oldu\u011funu vurgulad\u0131.<\/p>\n<p>Suriye&#8217;nin \u00e7at\u0131\u015fma de\u011fil de bir sava\u015fla kar\u015f\u0131 kar\u015f\u0131ya oldu\u011funu ve onlarca \u00e7at\u0131\u015fmada bulundu\u011funu belirten el Esad; sava\u015fta her \u015feyin de\u011fi\u015fken oldu\u011funu s\u00f6yledi. S\u00f6zlerine devam eden el Esad de\u011fi\u015fmeyen tek \u015feyin sava\u015f\u00e7\u0131ya olan inanc\u0131m\u0131z ve sava\u015f\u00e7\u0131n\u0131n zafere inanc\u0131 oldu\u011funa vurgu yapt\u0131.<\/p>\n<p>El Esad; Suriye&#8217;ye y\u00f6nelik d\u0131\u015f propaganda sava\u015f\u0131n\u0131n iki y\u0131l \u00f6nce ba\u015far\u0131s\u0131z d\u00fc\u015fmesi ard\u0131ndan bug\u00fcn yeniden ba\u015flad\u0131\u011f\u0131na dikkat \u00e7ekti. Yurtseverli\u011fin sadece teorik olmad\u0131\u011f\u0131n\u0131, s\u00f6zlerin cesaret ve pratikle b\u00fct\u00fcnle\u015fmesi \u00f6nemini ifade eden el Esad \u015fehit \u00e7ocuklar\u0131na seslenerek; \u201cbu propaganda hamlesine ve korkaklara cevap sizsiniz..\u201d ifadesini kulland\u0131.<\/p>\n<p>El Esad ordu birliklerimizin \u0130dlib iline tabi Cisre\u015f\u015fu\u011fur Kasabas\u0131ndaki devlet hastanesinde ter\u00f6ristlerin ablukas\u0131 alt\u0131ndaki kahramanlar\u0131m\u0131za k\u0131sa s\u00fcre i\u00e7inde ula\u015faca\u011f\u0131n\u0131 s\u00f6yledi.<\/p>\n<p>Kendisinin ve t\u00fcm Suriye&#8217;nin orduya b\u00fcy\u00fck g\u00fcvenini ifade eden el Esad; \u2018sizlere g\u00fcvenimiz b\u00fcy\u00fckt\u00fcr.. t\u00fcm askerlerimize diyoruz ki, sizlere olan sevgimizin s\u0131n\u0131r\u0131 yoktur..\u201d ifadesini kulland\u0131.<\/p>\n<p>https:\/\/www.youtube.com\/watch?v=cqN7cWNTtd4<\/p>\n<div id='gallery-1' class='gallery galleryid-32278 gallery-columns-2 gallery-size-medium'><figure class='gallery-item'>\n\t\t\t<div class='gallery-icon landscape'>\n\t\t\t\t<a href='https:\/\/archive.sana.sy\/tr\/wp-content\/uploads\/2015\/05\/Esad-1.jpg'><img loading=\"lazy\" decoding=\"async\" width=\"300\" height=\"169\" src=\"https:\/\/archive.sana.sy\/tr\/wp-content\/uploads\/2015\/05\/Esad-1-300x169.jpg\" class=\"attachment-medium size-medium\" alt=\"\" srcset=\"https:\/\/archive.sana.sy\/tr\/wp-content\/uploads\/2015\/05\/Esad-1-300x169.jpg 300w, https:\/\/archive.sana.sy\/tr\/wp-content\/uploads\/2015\/05\/Esad-1-150x84.jpg 150w, https:\/\/archive.sana.sy\/tr\/wp-content\/uploads\/2015\/05\/Esad-1.jpg 960w\" sizes=\"auto, (max-width: 300px) 100vw, 300px\" \/><\/a>\n\t\t\t<\/div><\/figure><figure class='gallery-item'>\n\t\t\t<div class='gallery-icon landscape'>\n\t\t\t\t<a href='https:\/\/archive.sana.sy\/tr\/wp-content\/uploads\/2015\/05\/Esad-2.jpg'><img loading=\"lazy\" decoding=\"async\" width=\"300\" height=\"145\" src=\"https:\/\/archive.sana.sy\/tr\/wp-content\/uploads\/2015\/05\/Esad-2-300x145.jpg\" class=\"attachment-medium size-medium\" alt=\"\" srcset=\"https:\/\/archive.sana.sy\/tr\/wp-content\/uploads\/2015\/05\/Esad-2-300x145.jpg 300w, https:\/\/archive.sana.sy\/tr\/wp-content\/uploads\/2015\/05\/Esad-2-150x73.jpg 150w, https:\/\/archive.sana.sy\/tr\/wp-content\/uploads\/2015\/05\/Esad-2.jpg 960w\" sizes=\"auto, (max-width: 300px) 100vw, 300px\" \/><\/a>\n\t\t\t<\/div><\/figure><figure class='gallery-item'>\n\t\t\t<div class='gallery-icon landscape'>\n\t\t\t\t<a href='https:\/\/archive.sana.sy\/tr\/wp-content\/uploads\/2015\/05\/Esad-3.jpg'><img loading=\"lazy\" decoding=\"async\" width=\"300\" height=\"178\" src=\"https:\/\/archive.sana.sy\/tr\/wp-content\/uploads\/2015\/05\/Esad-3-300x178.jpg\" class=\"attachment-medium size-medium\" alt=\"\" srcset=\"https:\/\/archive.sana.sy\/tr\/wp-content\/uploads\/2015\/05\/Esad-3-300x178.jpg 300w, https:\/\/archive.sana.sy\/tr\/wp-content\/uploads\/2015\/05\/Esad-3-150x89.jpg 150w, https:\/\/archive.sana.sy\/tr\/wp-content\/uploads\/2015\/05\/Esad-3.jpg 960w\" sizes=\"auto, (max-width: 300px) 100vw, 300px\" \/><\/a>\n\t\t\t<\/div><\/figure><figure class='gallery-item'>\n\t\t\t<div class='gallery-icon landscape'>\n\t\t\t\t<a href='https:\/\/archive.sana.sy\/tr\/wp-content\/uploads\/2015\/05\/Esad-4.jpg'><img loading=\"lazy\" decoding=\"async\" width=\"300\" height=\"183\" src=\"https:\/\/archive.sana.sy\/tr\/wp-content\/uploads\/2015\/05\/Esad-4-300x183.jpg\" class=\"attachment-medium size-medium\" alt=\"\" srcset=\"https:\/\/archive.sana.sy\/tr\/wp-content\/uploads\/2015\/05\/Esad-4-300x183.jpg 300w, https:\/\/archive.sana.sy\/tr\/wp-content\/uploads\/2015\/05\/Esad-4-150x91.jpg 150w, https:\/\/archive.sana.sy\/tr\/wp-content\/uploads\/2015\/05\/Esad-4.jpg 960w\" sizes=\"auto, (max-width: 300px) 100vw, 300px\" \/><\/a>\n\t\t\t<\/div><\/figure><figure class='gallery-item'>\n\t\t\t<div class='gallery-icon landscape'>\n\t\t\t\t<a href='https:\/\/archive.sana.sy\/tr\/wp-content\/uploads\/2015\/05\/Esad-5.jpg'><img loading=\"lazy\" decoding=\"async\" width=\"300\" height=\"206\" src=\"https:\/\/archive.sana.sy\/tr\/wp-content\/uploads\/2015\/05\/Esad-5-300x206.jpg\" class=\"attachment-medium size-medium\" alt=\"\" srcset=\"https:\/\/archive.sana.sy\/tr\/wp-content\/uploads\/2015\/05\/Esad-5-300x206.jpg 300w, https:\/\/archive.sana.sy\/tr\/wp-content\/uploads\/2015\/05\/Esad-5-150x103.jpg 150w, https:\/\/archive.sana.sy\/tr\/wp-content\/uploads\/2015\/05\/Esad-5.jpg 960w\" sizes=\"auto, (max-width: 300px) 100vw, 300px\" \/><\/a>\n\t\t\t<\/div><\/figure><figure class='gallery-item'>\n\t\t\t<div class='gallery-icon landscape'>\n\t\t\t\t<a href='https:\/\/archive.sana.sy\/tr\/wp-content\/uploads\/2015\/05\/Esad-6.jpg'><img loading=\"lazy\" decoding=\"async\" width=\"300\" height=\"173\" src=\"https:\/\/archive.sana.sy\/tr\/wp-content\/uploads\/2015\/05\/Esad-6-300x173.jpg\" class=\"attachment-medium size-medium\" alt=\"\" srcset=\"https:\/\/archive.sana.sy\/tr\/wp-content\/uploads\/2015\/05\/Esad-6-300x173.jpg 300w, https:\/\/archive.sana.sy\/tr\/wp-content\/uploads\/2015\/05\/Esad-6-150x86.jpg 150w, https:\/\/archive.sana.sy\/tr\/wp-content\/uploads\/2015\/05\/Esad-6.jpg 960w\" sizes=\"auto, (max-width: 300px) 100vw, 300px\" \/><\/a>\n\t\t\t<\/div><\/figure><figure class='gallery-item'>\n\t\t\t<div class='gallery-icon landscape'>\n\t\t\t\t<a href='https:\/\/archive.sana.sy\/tr\/wp-content\/uploads\/2015\/05\/Esad-7.jpg'><img loading=\"lazy\" decoding=\"async\" width=\"300\" height=\"201\" src=\"https:\/\/archive.sana.sy\/tr\/wp-content\/uploads\/2015\/05\/Esad-7-300x201.jpg\" class=\"attachment-medium size-medium\" alt=\"\" srcset=\"https:\/\/archive.sana.sy\/tr\/wp-content\/uploads\/2015\/05\/Esad-7-300x201.jpg 300w, https:\/\/archive.sana.sy\/tr\/wp-content\/uploads\/2015\/05\/Esad-7-150x100.jpg 150w, https:\/\/archive.sana.sy\/tr\/wp-content\/uploads\/2015\/05\/Esad-7.jpg 960w\" sizes=\"auto, (max-width: 300px) 100vw, 300px\" \/><\/a>\n\t\t\t<\/div><\/figure>\n\t\t<\/div>\n\n<p>A.A. &#8211; R.H<\/p>\n","protected":false},"excerpt":{"rendered":"<p>\u015eAM \u2013 Cumhurba\u015fkan\u0131 Be\u015f\u015far el Esad bug\u00fcn \u015eehit \u00c7ocuklar\u0131 Okullar\u0131 Kurumunun \u015eam\u2019daki Sanayi Semtinde \u015fehit \u00e7ocuklar\u0131n\u0131 onurland\u0131rma amac\u0131yla d\u00fczenledi\u011fi etkinli\u011fe kat\u0131ld\u0131. Suriye&#8217;ye y\u00f6nelik evrensel sava\u015fta vatan u\u011fruna canlar\u0131n\u0131 feda eden \u015fehit babalar\u0131n\u0131n yollar\u0131nda y\u00fcr\u00fcyerek muhtelif s\u0131n\u0131flar\u0131yla askeri akademilere giren \u015fehit \u00e7ocuklar\u0131n\u0131n onurland\u0131r\u0131ld\u0131\u011f\u0131 t\u00f6rende el Esad; kitlelerin yo\u011fun co\u015fkusu ortam\u0131nda; \u201csizlerle birlikte olmak istedim, \u00e7\u00fcnk\u00fc \u015fehit &hellip;<\/p>\n","protected":false},"author":1,"featured_media":32279,"comment_status":"closed","ping_status":"closed","sticky":false,"template":"","format":"standard","meta":{"footnotes":""},"categories":[608,479,605,478],"tags":[],"class_list":["post-32278","post","type-post","status-publish","format-standard","has-post-thumbnail","","category-etkinlikler","category-haberler-yerel","category-sayin-cumhurbaskani","category-yerel"],"_links":{"self":[{"href":"https:\/\/archive.sana.sy\/tr\/index.php?rest_route=\/wp\/v2\/posts\/32278","targetHints":{"allow":["GET"]}}],"collection":[{"href":"https:\/\/archive.sana.sy\/tr\/index.php?rest_route=\/wp\/v2\/posts"}],"about":[{"href":"https:\/\/archive.sana.sy\/tr\/index.php?rest_route=\/wp\/v2\/types\/post"}],"author":[{"embeddable":true,"href":"https:\/\/archive.sana.sy\/tr\/index.php?rest_route=\/wp\/v2\/users\/1"}],"replies":[{"embeddable":true,"href":"https:\/\/archive.sana.sy\/tr\/index.php?rest_route=%2Fwp%2Fv2%2Fcomments&post=32278"}],"version-history":[{"count":0,"href":"https:\/\/archive.sana.sy\/tr\/index.php?rest_route=\/wp\/v2\/posts\/32278\/revisions"}],"wp:featuredmedia":[{"embeddable":true,"href":"https:\/\/archive.sana.sy\/tr\/index.php?rest_route=\/wp\/v2\/media\/32279"}],"wp:attachment":[{"href":"https:\/\/archive.sana.sy\/tr\/index.php?rest_route=%2Fwp%2Fv2%2Fmedia&parent=32278"}],"wp:term":[{"taxonomy":"category","embeddable":true,"href":"https:\/\/archive.sana.sy\/tr\/index.php?rest_route=%2Fwp%2Fv2%2Fcategories&post=32278"},{"taxonomy":"post_tag","embeddable":true,"href":"https:\/\/archive.sana.sy\/tr\/index.php?rest_route=%2Fwp%2Fv2%2Ftags&post=32278"}],"curies":[{"name":"wp","href":"https:\/\/api.w.org\/{rel}","templated":true}]}}