{"id":322784,"date":"2025-06-08T10:16:31","date_gmt":"2025-06-08T07:16:31","guid":{"rendered":"https:\/\/sana.sy\/tr\/?p=322784"},"modified":"2025-06-08T10:16:31","modified_gmt":"2025-06-08T07:16:31","slug":"suriye-ekonomi-ve-sanayi-bakani-ile-suudi-arabistan-yatirim-bakani-ortak-yatirimlarin-guclendirilmesini-gorustu","status":"publish","type":"post","link":"https:\/\/archive.sana.sy\/tr\/?p=322784","title":{"rendered":"Suriye Ekonomi ve Sanayi Bakan\u0131 ile Suudi Arabistan Yat\u0131r\u0131m Bakan\u0131, Ortak Yat\u0131r\u0131mlar\u0131n G\u00fc\u00e7lendirilmesini G\u00f6r\u00fc\u015ft\u00fc"},"content":{"rendered":"<p style=\"text-align: justify;\"><strong>\u015eAM (SANA) \u2013<\/strong> Suriye Ekonomi ve Sanayi Bakan\u0131 Muhammed Nidal el \u015eaar, Suudi Arabistan Yat\u0131r\u0131m Bakan\u0131 Halid bin Abdulaziz El Falih ile, iki \u00fclke aras\u0131nda ekonomik ve kalk\u0131nma alan\u0131ndaki i\u015f birli\u011finin g\u00fc\u00e7lendirilmesi ve ortak yat\u0131r\u0131mlar i\u00e7in yeni ufuklar\u0131n a\u00e7\u0131lmas\u0131 konular\u0131n\u0131 g\u00f6r\u00fc\u015ft\u00fc.<\/p>\n<p style=\"text-align: justify;\">Video konferans y\u00f6ntemiyle ger\u00e7ekle\u015ftirilen g\u00f6r\u00fc\u015fmede taraflar, Suriye&#8217;deki yat\u0131r\u0131m f\u0131rsatlar\u0131n\u0131 ve ekonomik ortakl\u0131\u011f\u0131n etkinle\u015ftirilmesine y\u00f6nelik mekanizmalar\u0131 ele ald\u0131. G\u00f6r\u00fc\u015fmede, \u00fcretim ve hizmet sekt\u00f6rlerinde nitelikli yat\u0131r\u0131mlar\u0131n te\u015fvik edilmesi ve kamu ile \u00f6zel sekt\u00f6rler aras\u0131ndaki i\u015f birli\u011finin art\u0131r\u0131lmas\u0131 vurguland\u0131.<\/p>\n<p style=\"text-align: justify;\">Bakan El \u015eaar, Suriye ile Suudi Arabistan aras\u0131ndaki ekonomik ili\u015fkilerin geli\u015ftirilmesinin \u00f6nemine dikkat \u00e7ekerek, iki \u00fclke aras\u0131ndaki ortakl\u0131\u011f\u0131n, Suriye&#8217;nin b\u00f6lgesel b\u00fct\u00fcnle\u015fmeyi g\u00fc\u00e7lendirme ve sava\u015f sonras\u0131 d\u00f6nemde yat\u0131r\u0131mlar\u0131 canland\u0131rma stratejisinin bir par\u00e7as\u0131 oldu\u011funu belirtti.<\/p>\n<p style=\"text-align: justify;\">Ekonomi ve Sanayi Bakan\u0131, Suriye&#8217;nin yat\u0131r\u0131mc\u0131lar i\u00e7in cazip ve g\u00fcvenli bir ortam sa\u011flamaya kararl\u0131 oldu\u011funu ve Suudi ve Arap yat\u0131r\u0131mc\u0131lar\u0131n kalk\u0131nma ve yeniden imar s\u00fcre\u00e7lerine kat\u0131l\u0131m\u0131na a\u00e7\u0131k olduklar\u0131n\u0131 ifade etti.<\/p>\n<p style=\"text-align: justify;\">Bakan El Falih ise, Suudi Arabistan&#8217;\u0131n Suriye&#8217;deki yat\u0131r\u0131mlar\u0131n\u0131 art\u0131rmaya istekli oldu\u011funu dile getirerek, Krall\u0131\u011f\u0131n Suriye ekonomisinin istikrar\u0131na destek vermeye ve iki \u00fclke aras\u0131nda stratejik ortakl\u0131klar\u0131n geni\u015flemesine olanak tan\u0131yacak ortam\u0131 haz\u0131rlamaya kararl\u0131 oldu\u011funu vurgulad\u0131.<\/p>\n","protected":false},"excerpt":{"rendered":"<p>\u015eAM (SANA) \u2013 Suriye Ekonomi ve Sanayi Bakan\u0131 Muhammed Nidal el \u015eaar, Suudi Arabistan Yat\u0131r\u0131m Bakan\u0131 Halid bin Abdulaziz El Falih ile, iki \u00fclke aras\u0131nda ekonomik ve kalk\u0131nma alan\u0131ndaki i\u015f birli\u011finin g\u00fc\u00e7lendirilmesi ve ortak yat\u0131r\u0131mlar i\u00e7in yeni ufuklar\u0131n a\u00e7\u0131lmas\u0131 konular\u0131n\u0131 g\u00f6r\u00fc\u015ft\u00fc. Video konferans y\u00f6ntemiyle ger\u00e7ekle\u015ftirilen g\u00f6r\u00fc\u015fmede taraflar, Suriye&#8217;deki yat\u0131r\u0131m f\u0131rsatlar\u0131n\u0131 ve ekonomik ortakl\u0131\u011f\u0131n etkinle\u015ftirilmesine y\u00f6nelik &hellip;<\/p>\n","protected":false},"author":39,"featured_media":322785,"comment_status":"closed","ping_status":"closed","sticky":false,"template":"","format":"standard","meta":{"footnotes":""},"categories":[589,479,17988,478],"tags":[],"class_list":["post-322784","post","type-post","status-publish","format-standard","has-post-thumbnail","","category-haber-seridi","category-haberler-yerel","category-son-haberler","category-yerel"],"_links":{"self":[{"href":"https:\/\/archive.sana.sy\/tr\/index.php?rest_route=\/wp\/v2\/posts\/322784","targetHints":{"allow":["GET"]}}],"collection":[{"href":"https:\/\/archive.sana.sy\/tr\/index.php?rest_route=\/wp\/v2\/posts"}],"about":[{"href":"https:\/\/archive.sana.sy\/tr\/index.php?rest_route=\/wp\/v2\/types\/post"}],"author":[{"embeddable":true,"href":"https:\/\/archive.sana.sy\/tr\/index.php?rest_route=\/wp\/v2\/users\/39"}],"replies":[{"embeddable":true,"href":"https:\/\/archive.sana.sy\/tr\/index.php?rest_route=%2Fwp%2Fv2%2Fcomments&post=322784"}],"version-history":[{"count":1,"href":"https:\/\/archive.sana.sy\/tr\/index.php?rest_route=\/wp\/v2\/posts\/322784\/revisions"}],"predecessor-version":[{"id":322786,"href":"https:\/\/archive.sana.sy\/tr\/index.php?rest_route=\/wp\/v2\/posts\/322784\/revisions\/322786"}],"wp:featuredmedia":[{"embeddable":true,"href":"https:\/\/archive.sana.sy\/tr\/index.php?rest_route=\/wp\/v2\/media\/322785"}],"wp:attachment":[{"href":"https:\/\/archive.sana.sy\/tr\/index.php?rest_route=%2Fwp%2Fv2%2Fmedia&parent=322784"}],"wp:term":[{"taxonomy":"category","embeddable":true,"href":"https:\/\/archive.sana.sy\/tr\/index.php?rest_route=%2Fwp%2Fv2%2Fcategories&post=322784"},{"taxonomy":"post_tag","embeddable":true,"href":"https:\/\/archive.sana.sy\/tr\/index.php?rest_route=%2Fwp%2Fv2%2Ftags&post=322784"}],"curies":[{"name":"wp","href":"https:\/\/api.w.org\/{rel}","templated":true}]}}