{"id":322812,"date":"2025-06-08T12:32:17","date_gmt":"2025-06-08T09:32:17","guid":{"rendered":"https:\/\/sana.sy\/tr\/?p=322812"},"modified":"2025-06-09T09:59:19","modified_gmt":"2025-06-09T06:59:19","slug":"cumhurbaskani-el-sara-suriyeli-kadinlar-calisma-ve-bina-surecinde-onemli-bir-unsur-ve-temel-ortak","status":"publish","type":"post","link":"https:\/\/archive.sana.sy\/tr\/?p=322812","title":{"rendered":"Cumhurba\u015fkan\u0131 El \u015eara: Suriyeli Kad\u0131nlar \u00c7al\u0131\u015fma ve Bina S\u00fcrecinde \u00d6nemli Bir Unsur ve Temel Ortak"},"content":{"rendered":"<p style=\"text-align: justify;\"><strong>\u015eAM (SANA) &#8211;<\/strong> Cumhurba\u015fkan\u0131 Ahmed El \u015eara ve e\u015fi Latifa El Durubi ile bir grup Suriyeli kad\u0131n aras\u0131nda Kurban Bayram\u0131 vesilesiyle ger\u00e7ekle\u015fen toplant\u0131da, Ekselanslar\u0131, Suriyeli kad\u0131nlar\u0131n zorluk zamanlar\u0131ndan kurtulu\u015f d\u00f6nemine kadar \u00e7e\u015fitli a\u015famalarda oynad\u0131klar\u0131 \u00f6nc\u00fc ve tarihi rol\u00fc \u00f6vd\u00fc ve Suriyeli kad\u0131nlar\u0131n \u00e7al\u0131\u015fma ve bina s\u00fcrecinde \u00f6nemli bir unsur ve temel ortak olduklar\u0131n\u0131 ve olmaya devam ettiklerini vurgulad\u0131.<\/p>\n<p style=\"text-align: justify;\">Cumhurba\u015fkan\u0131 El \u015eara ayr\u0131ca, Suriyeli kad\u0131nlar\u0131n sadece ac\u0131ya tan\u0131kl\u0131k edenler de\u011fil, ayn\u0131 zamanda onurun yarat\u0131c\u0131lar\u0131, ac\u0131 kar\u015f\u0131s\u0131nda kararl\u0131 duran, ku\u015fatma alt\u0131ndaki i\u00e7 b\u00f6lgelerde, yerinden edilmi\u015f ki\u015filerin kamplar\u0131nda veya s\u0131\u011f\u0131nma \u00fclkelerinde olsun, kendi haklar\u0131na ve halklar\u0131n\u0131n \u00f6zg\u00fcrl\u00fck ve adalet haklar\u0131na ba\u011fl\u0131 kalan ki\u015filer oldu\u011funu a\u00e7\u0131klad\u0131.<br \/>\nDevrim y\u0131llar\u0131nda Suriyeli kad\u0131nlar\u0131n oynad\u0131\u011f\u0131 \u00e7e\u015fitli rollere i\u015faret eden Say\u0131n Cumhurba\u015fkan\u0131, &#8221;Bunlar aras\u0131nda nesillere de\u011fer ve ilkeler a\u015f\u0131layan e\u011fitimciler, hapishanede kararl\u0131l\u0131kla y\u00fczle\u015fen tutuklular, kararl\u0131 anneler ve destekleyici e\u015fler yer ald\u0131&#8221; ifadelerini kulland\u0131.<\/p>\n<p style=\"text-align: justify;\">Cumhura\u015fkan\u0131 El \u015eara konu\u015fmas\u0131nda da, deneyiminin ki\u015fisel bir y\u00f6n\u00fcn\u00fc hat\u0131rlayarak, e\u015finin devrim y\u0131llar\u0131nda oynad\u0131\u011f\u0131 \u00f6nemli rolden ve onunla birlikte kar\u015f\u0131la\u015ft\u0131\u011f\u0131 zorluklardan bahsederek, Suriyeli kad\u0131nlar\u0131n asla d\u0131\u015flanmad\u0131\u011f\u0131n\u0131, aksine devrim s\u0131ras\u0131nda g\u00fc\u00e7l\u00fc bir \u015fekilde mevcut olduklar\u0131n\u0131 ve bug\u00fcn Suriye&#8217;nin yeniden in\u015fas\u0131 ve gelece\u011finin in\u015fas\u0131 i\u00e7in verilen m\u00fccadelede yer ald\u0131klar\u0131n\u0131 vurgulad\u0131.<\/p>\n<div id='gallery-1' class='gallery galleryid-322812 gallery-columns-1 gallery-size-full'><figure class='gallery-item'>\n\t\t\t<div class='gallery-icon landscape'>\n\t\t\t\t<a href='https:\/\/archive.sana.sy\/tr\/wp-content\/uploads\/2025\/06\/photo_2025-06-07_19-08-09-2-copy.jpg'><img loading=\"lazy\" decoding=\"async\" width=\"660\" height=\"371\" src=\"https:\/\/archive.sana.sy\/tr\/wp-content\/uploads\/2025\/06\/photo_2025-06-07_19-08-09-2-copy.jpg\" class=\"attachment-full size-full\" alt=\"\" srcset=\"https:\/\/archive.sana.sy\/tr\/wp-content\/uploads\/2025\/06\/photo_2025-06-07_19-08-09-2-copy.jpg 660w, https:\/\/archive.sana.sy\/tr\/wp-content\/uploads\/2025\/06\/photo_2025-06-07_19-08-09-2-copy-300x169.jpg 300w\" sizes=\"auto, (max-width: 660px) 100vw, 660px\" \/><\/a>\n\t\t\t<\/div><\/figure><figure class='gallery-item'>\n\t\t\t<div class='gallery-icon landscape'>\n\t\t\t\t<a href='https:\/\/archive.sana.sy\/tr\/wp-content\/uploads\/2025\/06\/photo_2025-06-07_19-08-09-3-copy.jpg'><img loading=\"lazy\" decoding=\"async\" width=\"660\" height=\"440\" src=\"https:\/\/archive.sana.sy\/tr\/wp-content\/uploads\/2025\/06\/photo_2025-06-07_19-08-09-3-copy.jpg\" class=\"attachment-full size-full\" alt=\"\" srcset=\"https:\/\/archive.sana.sy\/tr\/wp-content\/uploads\/2025\/06\/photo_2025-06-07_19-08-09-3-copy.jpg 660w, https:\/\/archive.sana.sy\/tr\/wp-content\/uploads\/2025\/06\/photo_2025-06-07_19-08-09-3-copy-300x200.jpg 300w\" sizes=\"auto, (max-width: 660px) 100vw, 660px\" \/><\/a>\n\t\t\t<\/div><\/figure><figure class='gallery-item'>\n\t\t\t<div class='gallery-icon landscape'>\n\t\t\t\t<a href='https:\/\/archive.sana.sy\/tr\/wp-content\/uploads\/2025\/06\/photo_2025-06-07_19-08-09-copy.jpg'><img loading=\"lazy\" decoding=\"async\" width=\"660\" height=\"371\" src=\"https:\/\/archive.sana.sy\/tr\/wp-content\/uploads\/2025\/06\/photo_2025-06-07_19-08-09-copy.jpg\" class=\"attachment-full size-full\" alt=\"\" srcset=\"https:\/\/archive.sana.sy\/tr\/wp-content\/uploads\/2025\/06\/photo_2025-06-07_19-08-09-copy.jpg 660w, https:\/\/archive.sana.sy\/tr\/wp-content\/uploads\/2025\/06\/photo_2025-06-07_19-08-09-copy-300x169.jpg 300w\" sizes=\"auto, (max-width: 660px) 100vw, 660px\" \/><\/a>\n\t\t\t<\/div><\/figure><figure class='gallery-item'>\n\t\t\t<div class='gallery-icon landscape'>\n\t\t\t\t<a href='https:\/\/archive.sana.sy\/tr\/wp-content\/uploads\/2025\/06\/photo_2025-06-07_19-08-10-2-copy.jpg'><img loading=\"lazy\" decoding=\"async\" width=\"660\" height=\"370\" src=\"https:\/\/archive.sana.sy\/tr\/wp-content\/uploads\/2025\/06\/photo_2025-06-07_19-08-10-2-copy.jpg\" class=\"attachment-full size-full\" alt=\"\" srcset=\"https:\/\/archive.sana.sy\/tr\/wp-content\/uploads\/2025\/06\/photo_2025-06-07_19-08-10-2-copy.jpg 660w, https:\/\/archive.sana.sy\/tr\/wp-content\/uploads\/2025\/06\/photo_2025-06-07_19-08-10-2-copy-300x168.jpg 300w\" sizes=\"auto, (max-width: 660px) 100vw, 660px\" \/><\/a>\n\t\t\t<\/div><\/figure><figure class='gallery-item'>\n\t\t\t<div class='gallery-icon landscape'>\n\t\t\t\t<a href='https:\/\/archive.sana.sy\/tr\/wp-content\/uploads\/2025\/06\/photo_2025-06-07_19-08-10-copy.jpg'><img loading=\"lazy\" decoding=\"async\" width=\"660\" height=\"370\" src=\"https:\/\/archive.sana.sy\/tr\/wp-content\/uploads\/2025\/06\/photo_2025-06-07_19-08-10-copy.jpg\" class=\"attachment-full size-full\" alt=\"\" srcset=\"https:\/\/archive.sana.sy\/tr\/wp-content\/uploads\/2025\/06\/photo_2025-06-07_19-08-10-copy.jpg 660w, https:\/\/archive.sana.sy\/tr\/wp-content\/uploads\/2025\/06\/photo_2025-06-07_19-08-10-copy-300x168.jpg 300w\" sizes=\"auto, (max-width: 660px) 100vw, 660px\" \/><\/a>\n\t\t\t<\/div><\/figure>\n\t\t<\/div>\n\n","protected":false},"excerpt":{"rendered":"<p>\u015eAM (SANA) &#8211; Cumhurba\u015fkan\u0131 Ahmed El \u015eara ve e\u015fi Latifa El Durubi ile bir grup Suriyeli kad\u0131n aras\u0131nda Kurban Bayram\u0131 vesilesiyle ger\u00e7ekle\u015fen toplant\u0131da, Ekselanslar\u0131, Suriyeli kad\u0131nlar\u0131n zorluk zamanlar\u0131ndan kurtulu\u015f d\u00f6nemine kadar \u00e7e\u015fitli a\u015famalarda oynad\u0131klar\u0131 \u00f6nc\u00fc ve tarihi rol\u00fc \u00f6vd\u00fc ve Suriyeli kad\u0131nlar\u0131n \u00e7al\u0131\u015fma ve bina s\u00fcrecinde \u00f6nemli bir unsur ve temel ortak olduklar\u0131n\u0131 ve olmaya &hellip;<\/p>\n","protected":false},"author":39,"featured_media":322813,"comment_status":"closed","ping_status":"closed","sticky":false,"template":"","format":"standard","meta":{"footnotes":""},"categories":[606,479,605,17988,478],"tags":[],"class_list":["post-322812","post","type-post","status-publish","format-standard","has-post-thumbnail","","category-cumhurbaskani","category-haberler-yerel","category-sayin-cumhurbaskani","category-son-haberler","category-yerel"],"_links":{"self":[{"href":"https:\/\/archive.sana.sy\/tr\/index.php?rest_route=\/wp\/v2\/posts\/322812","targetHints":{"allow":["GET"]}}],"collection":[{"href":"https:\/\/archive.sana.sy\/tr\/index.php?rest_route=\/wp\/v2\/posts"}],"about":[{"href":"https:\/\/archive.sana.sy\/tr\/index.php?rest_route=\/wp\/v2\/types\/post"}],"author":[{"embeddable":true,"href":"https:\/\/archive.sana.sy\/tr\/index.php?rest_route=\/wp\/v2\/users\/39"}],"replies":[{"embeddable":true,"href":"https:\/\/archive.sana.sy\/tr\/index.php?rest_route=%2Fwp%2Fv2%2Fcomments&post=322812"}],"version-history":[{"count":1,"href":"https:\/\/archive.sana.sy\/tr\/index.php?rest_route=\/wp\/v2\/posts\/322812\/revisions"}],"predecessor-version":[{"id":322819,"href":"https:\/\/archive.sana.sy\/tr\/index.php?rest_route=\/wp\/v2\/posts\/322812\/revisions\/322819"}],"wp:featuredmedia":[{"embeddable":true,"href":"https:\/\/archive.sana.sy\/tr\/index.php?rest_route=\/wp\/v2\/media\/322813"}],"wp:attachment":[{"href":"https:\/\/archive.sana.sy\/tr\/index.php?rest_route=%2Fwp%2Fv2%2Fmedia&parent=322812"}],"wp:term":[{"taxonomy":"category","embeddable":true,"href":"https:\/\/archive.sana.sy\/tr\/index.php?rest_route=%2Fwp%2Fv2%2Fcategories&post=322812"},{"taxonomy":"post_tag","embeddable":true,"href":"https:\/\/archive.sana.sy\/tr\/index.php?rest_route=%2Fwp%2Fv2%2Ftags&post=322812"}],"curies":[{"name":"wp","href":"https:\/\/api.w.org\/{rel}","templated":true}]}}