{"id":322821,"date":"2025-06-08T12:41:03","date_gmt":"2025-06-08T09:41:03","guid":{"rendered":"https:\/\/sana.sy\/tr\/?p=322821"},"modified":"2025-06-10T08:34:13","modified_gmt":"2025-06-10T05:34:13","slug":"cumhurbaskani-el-sara-suriyeli-gencler-suriye-yeniden-insa-projesinin-saglam-temelidir","status":"publish","type":"post","link":"https:\/\/archive.sana.sy\/tr\/?p=322821","title":{"rendered":"Cumhurba\u015fkan\u0131 El \u015eara: Suriyeli Gen\u00e7ler Suriye Yeniden \u0130n\u015fa Projesinin Sa\u011flam Temelidir"},"content":{"rendered":"<p style=\"text-align: justify;\"><strong>\u015eAM (SANA) <\/strong>&#8211; Cumhurba\u015fkan\u0131 Ahmed El \u015eara, e\u015fi Latifa El Durubi ve bir grup \u00fcniversite ve lise \u00f6\u011frencisinin e\u015flik etti\u011fi bir diyalog toplant\u0131s\u0131nda, Ekselanslar\u0131, y\u00fckselen neslin Suriye&#8217;nin yeniden in\u015fas\u0131nda ve gelece\u011fini \u015fekillendirmede oynad\u0131\u011f\u0131 merkezi ve \u00f6nemli rol\u00fc vurgulad\u0131.<\/p>\n<p style=\"text-align: justify;\">Cumhurba\u015fkan\u0131 El \u015eara, konu\u015fmas\u0131na bug\u00fcn\u00fcn Suriyeli gen\u00e7lerinin Suriye yeniden in\u015fa projesinin dayand\u0131\u011f\u0131 sa\u011flam temel oldu\u011funu vurgulayarak ba\u015flad\u0131 ve yeni neslin enerjisinin, fark\u0131ndal\u0131\u011f\u0131n\u0131n ve yenilik kapasitesinin, \u00e7e\u015fitli sekt\u00f6rlerde in\u015fa ve de\u011fi\u015fim s\u00fcrecinde onlara b\u00fcy\u00fck bir sorumluluk y\u00fckledi\u011fini vurgulad\u0131.<\/p>\n<p style=\"text-align: justify;\">Suriye&#8217;nin gelece\u011fini tart\u0131\u015f\u0131rken, Cumhurba\u015fkan\u0131 El \u015eara, Suriyelilerin \u00f6zlemlerini kar\u015f\u0131layan bilin\u00e7li gen\u00e7lerin liderli\u011finde \u00f6zg\u00fcn bir Suriye modeli olu\u015fturman\u0131n \u00f6nemini vurgulad\u0131 ve bu istenen modelin, devlet kurumlar\u0131n\u0131n in\u015fas\u0131nda ve kalk\u0131nma ve reform giri\u015fimlerine liderlik etmede gen\u00e7lerin etkili kat\u0131l\u0131m\u0131n\u0131n meyvesi olmas\u0131 gerekti\u011fini \u00a0de kaydetti.<\/p>\n<p style=\"text-align: justify;\">Gen\u00e7li\u011fi akademik ve mesleki olarak g\u00fc\u00e7lendirme \u00e7er\u00e7evesinde, Cumhurba\u015fkan\u0131 El \u015eara, bilgi ve uzmanl\u0131\u011f\u0131 aktarabilen ve bunlar\u0131 Suriye modelinin hizmetinde kullanabilen se\u00e7kin akademik ve mesleki kadrolar olu\u015fturmay\u0131 ama\u00e7layan i\u00e7 burslar ve d\u0131\u015f e\u011fitim misyonlar\u0131ndan bahsetti.<\/p>\n<p style=\"text-align: justify;\">Say\u0131n Cumhurba\u015fkan\u0131 ayr\u0131ca, h\u00fck\u00fcmetin \u00e7abalar\u0131n\u0131n yaln\u0131zca e\u011fitim deste\u011fi olmad\u0131\u011f\u0131n\u0131, daha ziyade insan sermayesine stratejik bir yat\u0131r\u0131m oldu\u011funu, yeni Suriye&#8217;ye inanan yeni nesil yarat\u0131c\u0131 gen\u00e7li\u011fin olu\u015fumuna katk\u0131da bulundu\u011funu vurgulad\u0131.<\/p>\n<div id='gallery-1' class='gallery galleryid-322821 gallery-columns-1 gallery-size-full'><figure class='gallery-item'>\n\t\t\t<div class='gallery-icon landscape'>\n\t\t\t\t<a href='https:\/\/archive.sana.sy\/tr\/wp-content\/uploads\/2025\/06\/photo_1_2025-06-07_22-18-54-copy.jpg'><img loading=\"lazy\" decoding=\"async\" width=\"660\" height=\"371\" src=\"https:\/\/archive.sana.sy\/tr\/wp-content\/uploads\/2025\/06\/photo_1_2025-06-07_22-18-54-copy.jpg\" class=\"attachment-full size-full\" alt=\"\" srcset=\"https:\/\/archive.sana.sy\/tr\/wp-content\/uploads\/2025\/06\/photo_1_2025-06-07_22-18-54-copy.jpg 660w, https:\/\/archive.sana.sy\/tr\/wp-content\/uploads\/2025\/06\/photo_1_2025-06-07_22-18-54-copy-300x169.jpg 300w\" sizes=\"auto, (max-width: 660px) 100vw, 660px\" \/><\/a>\n\t\t\t<\/div><\/figure><figure class='gallery-item'>\n\t\t\t<div class='gallery-icon landscape'>\n\t\t\t\t<a href='https:\/\/archive.sana.sy\/tr\/wp-content\/uploads\/2025\/06\/photo_2_2025-06-07_22-18-54-copy.jpg'><img loading=\"lazy\" decoding=\"async\" width=\"660\" height=\"372\" src=\"https:\/\/archive.sana.sy\/tr\/wp-content\/uploads\/2025\/06\/photo_2_2025-06-07_22-18-54-copy.jpg\" class=\"attachment-full size-full\" alt=\"\" srcset=\"https:\/\/archive.sana.sy\/tr\/wp-content\/uploads\/2025\/06\/photo_2_2025-06-07_22-18-54-copy.jpg 660w, https:\/\/archive.sana.sy\/tr\/wp-content\/uploads\/2025\/06\/photo_2_2025-06-07_22-18-54-copy-300x169.jpg 300w\" sizes=\"auto, (max-width: 660px) 100vw, 660px\" \/><\/a>\n\t\t\t<\/div><\/figure><figure class='gallery-item'>\n\t\t\t<div class='gallery-icon landscape'>\n\t\t\t\t<a href='https:\/\/archive.sana.sy\/tr\/wp-content\/uploads\/2025\/06\/photo_3_2025-06-07_22-18-54-copy.jpg'><img loading=\"lazy\" decoding=\"async\" width=\"660\" height=\"371\" src=\"https:\/\/archive.sana.sy\/tr\/wp-content\/uploads\/2025\/06\/photo_3_2025-06-07_22-18-54-copy.jpg\" class=\"attachment-full size-full\" alt=\"\" srcset=\"https:\/\/archive.sana.sy\/tr\/wp-content\/uploads\/2025\/06\/photo_3_2025-06-07_22-18-54-copy.jpg 660w, https:\/\/archive.sana.sy\/tr\/wp-content\/uploads\/2025\/06\/photo_3_2025-06-07_22-18-54-copy-300x169.jpg 300w\" sizes=\"auto, (max-width: 660px) 100vw, 660px\" \/><\/a>\n\t\t\t<\/div><\/figure><figure class='gallery-item'>\n\t\t\t<div class='gallery-icon landscape'>\n\t\t\t\t<a href='https:\/\/archive.sana.sy\/tr\/wp-content\/uploads\/2025\/06\/photo_6_2025-06-07_22-18-54-copy.jpg'><img loading=\"lazy\" decoding=\"async\" width=\"660\" height=\"371\" src=\"https:\/\/archive.sana.sy\/tr\/wp-content\/uploads\/2025\/06\/photo_6_2025-06-07_22-18-54-copy.jpg\" class=\"attachment-full size-full\" alt=\"\" srcset=\"https:\/\/archive.sana.sy\/tr\/wp-content\/uploads\/2025\/06\/photo_6_2025-06-07_22-18-54-copy.jpg 660w, https:\/\/archive.sana.sy\/tr\/wp-content\/uploads\/2025\/06\/photo_6_2025-06-07_22-18-54-copy-300x169.jpg 300w\" sizes=\"auto, (max-width: 660px) 100vw, 660px\" \/><\/a>\n\t\t\t<\/div><\/figure><figure class='gallery-item'>\n\t\t\t<div class='gallery-icon landscape'>\n\t\t\t\t<a href='https:\/\/archive.sana.sy\/tr\/wp-content\/uploads\/2025\/06\/photo_7_2025-06-07_22-18-54-copy.jpg'><img loading=\"lazy\" decoding=\"async\" width=\"660\" height=\"370\" src=\"https:\/\/archive.sana.sy\/tr\/wp-content\/uploads\/2025\/06\/photo_7_2025-06-07_22-18-54-copy.jpg\" class=\"attachment-full size-full\" alt=\"\" srcset=\"https:\/\/archive.sana.sy\/tr\/wp-content\/uploads\/2025\/06\/photo_7_2025-06-07_22-18-54-copy.jpg 660w, https:\/\/archive.sana.sy\/tr\/wp-content\/uploads\/2025\/06\/photo_7_2025-06-07_22-18-54-copy-300x168.jpg 300w\" sizes=\"auto, (max-width: 660px) 100vw, 660px\" \/><\/a>\n\t\t\t<\/div><\/figure><figure class='gallery-item'>\n\t\t\t<div class='gallery-icon landscape'>\n\t\t\t\t<a href='https:\/\/archive.sana.sy\/tr\/wp-content\/uploads\/2025\/06\/photo_8_2025-06-07_22-18-54-copy.jpg'><img loading=\"lazy\" decoding=\"async\" width=\"660\" height=\"371\" src=\"https:\/\/archive.sana.sy\/tr\/wp-content\/uploads\/2025\/06\/photo_8_2025-06-07_22-18-54-copy.jpg\" class=\"attachment-full size-full\" alt=\"\" srcset=\"https:\/\/archive.sana.sy\/tr\/wp-content\/uploads\/2025\/06\/photo_8_2025-06-07_22-18-54-copy.jpg 660w, https:\/\/archive.sana.sy\/tr\/wp-content\/uploads\/2025\/06\/photo_8_2025-06-07_22-18-54-copy-300x169.jpg 300w\" sizes=\"auto, (max-width: 660px) 100vw, 660px\" \/><\/a>\n\t\t\t<\/div><\/figure>\n\t\t<\/div>\n\n<p>&nbsp;<\/p>\n","protected":false},"excerpt":{"rendered":"<p>\u015eAM (SANA) &#8211; Cumhurba\u015fkan\u0131 Ahmed El \u015eara, e\u015fi Latifa El Durubi ve bir grup \u00fcniversite ve lise \u00f6\u011frencisinin e\u015flik etti\u011fi bir diyalog toplant\u0131s\u0131nda, Ekselanslar\u0131, y\u00fckselen neslin Suriye&#8217;nin yeniden in\u015fas\u0131nda ve gelece\u011fini \u015fekillendirmede oynad\u0131\u011f\u0131 merkezi ve \u00f6nemli rol\u00fc vurgulad\u0131. Cumhurba\u015fkan\u0131 El \u015eara, konu\u015fmas\u0131na bug\u00fcn\u00fcn Suriyeli gen\u00e7lerinin Suriye yeniden in\u015fa projesinin dayand\u0131\u011f\u0131 sa\u011flam temel oldu\u011funu vurgulayarak ba\u015flad\u0131 &hellip;<\/p>\n","protected":false},"author":41,"featured_media":322830,"comment_status":"closed","ping_status":"closed","sticky":false,"template":"","format":"standard","meta":{"footnotes":""},"categories":[606,479,605,17988,478],"tags":[],"class_list":["post-322821","post","type-post","status-publish","format-standard","has-post-thumbnail","","category-cumhurbaskani","category-haberler-yerel","category-sayin-cumhurbaskani","category-son-haberler","category-yerel"],"_links":{"self":[{"href":"https:\/\/archive.sana.sy\/tr\/index.php?rest_route=\/wp\/v2\/posts\/322821","targetHints":{"allow":["GET"]}}],"collection":[{"href":"https:\/\/archive.sana.sy\/tr\/index.php?rest_route=\/wp\/v2\/posts"}],"about":[{"href":"https:\/\/archive.sana.sy\/tr\/index.php?rest_route=\/wp\/v2\/types\/post"}],"author":[{"embeddable":true,"href":"https:\/\/archive.sana.sy\/tr\/index.php?rest_route=\/wp\/v2\/users\/41"}],"replies":[{"embeddable":true,"href":"https:\/\/archive.sana.sy\/tr\/index.php?rest_route=%2Fwp%2Fv2%2Fcomments&post=322821"}],"version-history":[{"count":1,"href":"https:\/\/archive.sana.sy\/tr\/index.php?rest_route=\/wp\/v2\/posts\/322821\/revisions"}],"predecessor-version":[{"id":322829,"href":"https:\/\/archive.sana.sy\/tr\/index.php?rest_route=\/wp\/v2\/posts\/322821\/revisions\/322829"}],"wp:featuredmedia":[{"embeddable":true,"href":"https:\/\/archive.sana.sy\/tr\/index.php?rest_route=\/wp\/v2\/media\/322830"}],"wp:attachment":[{"href":"https:\/\/archive.sana.sy\/tr\/index.php?rest_route=%2Fwp%2Fv2%2Fmedia&parent=322821"}],"wp:term":[{"taxonomy":"category","embeddable":true,"href":"https:\/\/archive.sana.sy\/tr\/index.php?rest_route=%2Fwp%2Fv2%2Fcategories&post=322821"},{"taxonomy":"post_tag","embeddable":true,"href":"https:\/\/archive.sana.sy\/tr\/index.php?rest_route=%2Fwp%2Fv2%2Ftags&post=322821"}],"curies":[{"name":"wp","href":"https:\/\/api.w.org\/{rel}","templated":true}]}}