{"id":322831,"date":"2025-06-09T09:57:59","date_gmt":"2025-06-09T06:57:59","guid":{"rendered":"https:\/\/sana.sy\/tr\/?p=322831"},"modified":"2025-06-10T08:33:44","modified_gmt":"2025-06-10T05:33:44","slug":"cumhurbaskani-el-sara-kurban-bayrami-dolayisiyla-bae-baskanini-telefon-gorusmesi-gerceklestirdi","status":"publish","type":"post","link":"https:\/\/archive.sana.sy\/tr\/?p=322831","title":{"rendered":"Cumhurba\u015fkan\u0131 El \u015eara, Kurban Bayram\u0131 Dolay\u0131s\u0131yla BAE Ba\u015fkan\u0131 \u0130le Telefon G\u00f6r\u00fc\u015fmesi Ger\u00e7ekle\u015ftirdi"},"content":{"rendered":"<p style=\"text-align: justify;\"><strong><span style=\"color: #ff0000;\">\u015eAM (SANA)<\/span> &#8211;<\/strong> \u00a0Suriye Arap Cumhuriyeti Cumhurba\u015fkan\u0131 Say\u0131n Ahmed El \u015eara, Birle\u015fik Arap Emirlikleri Devlet Ba\u015fkan\u0131 Majesteleri \u015eeyh Muhammed bin Zayid ile Kurban Bayram\u0131 vesilesiyle bir telefon g\u00f6r\u00fc\u015fmesi ger\u00e7ekle\u015ftirdi.<\/p>\n<p style=\"text-align: justify;\">G\u00f6r\u00fc\u015fme s\u0131ras\u0131nda iki ba\u015fkan, halklar\u0131na refah ve istikrar\u0131n devam\u0131n\u0131 dileyerek bu vesileyle birbirlerini tebrik ve kutsamalarda bulundu.<\/p>\n","protected":false},"excerpt":{"rendered":"<p>\u015eAM (SANA) &#8211; \u00a0Suriye Arap Cumhuriyeti Cumhurba\u015fkan\u0131 Say\u0131n Ahmed El \u015eara, Birle\u015fik Arap Emirlikleri Devlet Ba\u015fkan\u0131 Majesteleri \u015eeyh Muhammed bin Zayid ile Kurban Bayram\u0131 vesilesiyle bir telefon g\u00f6r\u00fc\u015fmesi ger\u00e7ekle\u015ftirdi. G\u00f6r\u00fc\u015fme s\u0131ras\u0131nda iki ba\u015fkan, halklar\u0131na refah ve istikrar\u0131n devam\u0131n\u0131 dileyerek bu vesileyle birbirlerini tebrik ve kutsamalarda bulundu.<\/p>\n","protected":false},"author":36,"featured_media":322832,"comment_status":"closed","ping_status":"closed","sticky":false,"template":"","format":"standard","meta":{"footnotes":""},"categories":[606,605,17988],"tags":[],"class_list":["post-322831","post","type-post","status-publish","format-standard","has-post-thumbnail","","category-cumhurbaskani","category-sayin-cumhurbaskani","category-son-haberler"],"_links":{"self":[{"href":"https:\/\/archive.sana.sy\/tr\/index.php?rest_route=\/wp\/v2\/posts\/322831","targetHints":{"allow":["GET"]}}],"collection":[{"href":"https:\/\/archive.sana.sy\/tr\/index.php?rest_route=\/wp\/v2\/posts"}],"about":[{"href":"https:\/\/archive.sana.sy\/tr\/index.php?rest_route=\/wp\/v2\/types\/post"}],"author":[{"embeddable":true,"href":"https:\/\/archive.sana.sy\/tr\/index.php?rest_route=\/wp\/v2\/users\/36"}],"replies":[{"embeddable":true,"href":"https:\/\/archive.sana.sy\/tr\/index.php?rest_route=%2Fwp%2Fv2%2Fcomments&post=322831"}],"version-history":[{"count":3,"href":"https:\/\/archive.sana.sy\/tr\/index.php?rest_route=\/wp\/v2\/posts\/322831\/revisions"}],"predecessor-version":[{"id":322839,"href":"https:\/\/archive.sana.sy\/tr\/index.php?rest_route=\/wp\/v2\/posts\/322831\/revisions\/322839"}],"wp:featuredmedia":[{"embeddable":true,"href":"https:\/\/archive.sana.sy\/tr\/index.php?rest_route=\/wp\/v2\/media\/322832"}],"wp:attachment":[{"href":"https:\/\/archive.sana.sy\/tr\/index.php?rest_route=%2Fwp%2Fv2%2Fmedia&parent=322831"}],"wp:term":[{"taxonomy":"category","embeddable":true,"href":"https:\/\/archive.sana.sy\/tr\/index.php?rest_route=%2Fwp%2Fv2%2Fcategories&post=322831"},{"taxonomy":"post_tag","embeddable":true,"href":"https:\/\/archive.sana.sy\/tr\/index.php?rest_route=%2Fwp%2Fv2%2Ftags&post=322831"}],"curies":[{"name":"wp","href":"https:\/\/api.w.org\/{rel}","templated":true}]}}