{"id":322837,"date":"2025-06-09T14:22:21","date_gmt":"2025-06-09T11:22:21","guid":{"rendered":"https:\/\/sana.sy\/tr\/?p=322837"},"modified":"2025-06-10T17:40:02","modified_gmt":"2025-06-10T14:40:02","slug":"cumhurbaskani-el-sara-kurban-bayrami-dolayisiyla-katar-emiri-ile-telefon-gorusmesi-yapti","status":"publish","type":"post","link":"https:\/\/archive.sana.sy\/tr\/?p=322837","title":{"rendered":"Cumhurba\u015fkan\u0131 El \u015eara, Kurban Bayram\u0131 Dolay\u0131s\u0131yla Katar Emiri \u0130le Telefon G\u00f6r\u00fc\u015fmesi Yapt\u0131"},"content":{"rendered":"<p style=\"text-align: justify;\"><strong><span style=\"color: #ff0000;\">\u015eAM (SANA)<\/span> &#8211;<\/strong>\u00a0 Suriye Arap Cumhuriyeti Cumhurba\u015fkan\u0131 Say\u0131n Ahmed El \u015eara, Katar Devleti Emiri \u015eeyh Temim bin Hamad Al Sani ile telefonda g\u00f6r\u00fc\u015ferek, Kurban Bayram\u0131 vesilesiyle tebrik etti ve Katar&#8217;a g\u00fcvenlik, istikrar ve refah\u0131n devam etmesini diledi.<\/p>\n<p style=\"text-align: justify;\">Cumhurba\u015fkan\u0131 El \u015eara g\u00f6r\u00fc\u015fmede ayr\u0131ca, Katar ile Suriye aras\u0131ndaki ili\u015fkinin derinli\u011fini ve iki \u00fclke aras\u0131ndaki stratejik ortakl\u0131\u011f\u0131 vurgulad\u0131.<\/p>\n<p style=\"text-align: justify;\">\u015eeyh Temim ise Suriye ve Katar halklar\u0131 aras\u0131ndaki karde\u015flik ve sevgi ba\u011flar\u0131na deste\u011fini yineledi.<\/p>\n","protected":false},"excerpt":{"rendered":"<p>\u015eAM (SANA) &#8211;\u00a0 Suriye Arap Cumhuriyeti Cumhurba\u015fkan\u0131 Say\u0131n Ahmed El \u015eara, Katar Devleti Emiri \u015eeyh Temim bin Hamad Al Sani ile telefonda g\u00f6r\u00fc\u015ferek, Kurban Bayram\u0131 vesilesiyle tebrik etti ve Katar&#8217;a g\u00fcvenlik, istikrar ve refah\u0131n devam etmesini diledi. Cumhurba\u015fkan\u0131 El \u015eara g\u00f6r\u00fc\u015fmede ayr\u0131ca, Katar ile Suriye aras\u0131ndaki ili\u015fkinin derinli\u011fini ve iki \u00fclke aras\u0131ndaki stratejik ortakl\u0131\u011f\u0131 vurgulad\u0131. &hellip;<\/p>\n","protected":false},"author":36,"featured_media":322840,"comment_status":"closed","ping_status":"closed","sticky":false,"template":"","format":"standard","meta":{"footnotes":""},"categories":[606,589,605,17988],"tags":[],"class_list":["post-322837","post","type-post","status-publish","format-standard","has-post-thumbnail","","category-cumhurbaskani","category-haber-seridi","category-sayin-cumhurbaskani","category-son-haberler"],"_links":{"self":[{"href":"https:\/\/archive.sana.sy\/tr\/index.php?rest_route=\/wp\/v2\/posts\/322837","targetHints":{"allow":["GET"]}}],"collection":[{"href":"https:\/\/archive.sana.sy\/tr\/index.php?rest_route=\/wp\/v2\/posts"}],"about":[{"href":"https:\/\/archive.sana.sy\/tr\/index.php?rest_route=\/wp\/v2\/types\/post"}],"author":[{"embeddable":true,"href":"https:\/\/archive.sana.sy\/tr\/index.php?rest_route=\/wp\/v2\/users\/36"}],"replies":[{"embeddable":true,"href":"https:\/\/archive.sana.sy\/tr\/index.php?rest_route=%2Fwp%2Fv2%2Fcomments&post=322837"}],"version-history":[{"count":1,"href":"https:\/\/archive.sana.sy\/tr\/index.php?rest_route=\/wp\/v2\/posts\/322837\/revisions"}],"predecessor-version":[{"id":322841,"href":"https:\/\/archive.sana.sy\/tr\/index.php?rest_route=\/wp\/v2\/posts\/322837\/revisions\/322841"}],"wp:featuredmedia":[{"embeddable":true,"href":"https:\/\/archive.sana.sy\/tr\/index.php?rest_route=\/wp\/v2\/media\/322840"}],"wp:attachment":[{"href":"https:\/\/archive.sana.sy\/tr\/index.php?rest_route=%2Fwp%2Fv2%2Fmedia&parent=322837"}],"wp:term":[{"taxonomy":"category","embeddable":true,"href":"https:\/\/archive.sana.sy\/tr\/index.php?rest_route=%2Fwp%2Fv2%2Fcategories&post=322837"},{"taxonomy":"post_tag","embeddable":true,"href":"https:\/\/archive.sana.sy\/tr\/index.php?rest_route=%2Fwp%2Fv2%2Ftags&post=322837"}],"curies":[{"name":"wp","href":"https:\/\/api.w.org\/{rel}","templated":true}]}}