{"id":322847,"date":"2025-06-10T08:26:37","date_gmt":"2025-06-10T05:26:37","guid":{"rendered":"https:\/\/sana.sy\/tr\/?p=322847"},"modified":"2025-06-11T12:01:21","modified_gmt":"2025-06-11T09:01:21","slug":"cumhurbaskani-el-sara-irak-basbakaninin-suriye-ozel-temsilcisini-kabul-etti","status":"publish","type":"post","link":"https:\/\/archive.sana.sy\/tr\/?p=322847","title":{"rendered":"Cumhurba\u015fkan\u0131 El \u015eara, Irak Ba\u015fbakan\u0131&#8217;n\u0131n Suriye \u00d6zel Temsilcisini Kabul Etti"},"content":{"rendered":"<p style=\"text-align: justify;\"><strong><span style=\"color: #ff0000;\">\u015eAM (SANA)<\/span> &#8211; <\/strong>Suriye Arap Cumhuriyeti Cumhurba\u015fkan\u0131 Say\u0131n Ahmed El \u015eara, \u015eam&#8217;daki Halk Saray\u0131&#8217;nda Irak Ba\u015fbakan\u0131&#8217;n\u0131n Suriye \u00d6zel Temsilcisi Say\u0131n \u0130zzet \u015eahbandar&#8217;\u0131 kabul etti.<\/p>\n","protected":false},"excerpt":{"rendered":"<p>\u015eAM (SANA) &#8211; Suriye Arap Cumhuriyeti Cumhurba\u015fkan\u0131 Say\u0131n Ahmed El \u015eara, \u015eam&#8217;daki Halk Saray\u0131&#8217;nda Irak Ba\u015fbakan\u0131&#8217;n\u0131n Suriye \u00d6zel Temsilcisi Say\u0131n \u0130zzet \u015eahbandar&#8217;\u0131 kabul etti.<\/p>\n","protected":false},"author":36,"featured_media":322848,"comment_status":"closed","ping_status":"closed","sticky":false,"template":"","format":"standard","meta":{"footnotes":""},"categories":[606,605,17988],"tags":[],"class_list":["post-322847","post","type-post","status-publish","format-standard","has-post-thumbnail","","category-cumhurbaskani","category-sayin-cumhurbaskani","category-son-haberler"],"_links":{"self":[{"href":"https:\/\/archive.sana.sy\/tr\/index.php?rest_route=\/wp\/v2\/posts\/322847","targetHints":{"allow":["GET"]}}],"collection":[{"href":"https:\/\/archive.sana.sy\/tr\/index.php?rest_route=\/wp\/v2\/posts"}],"about":[{"href":"https:\/\/archive.sana.sy\/tr\/index.php?rest_route=\/wp\/v2\/types\/post"}],"author":[{"embeddable":true,"href":"https:\/\/archive.sana.sy\/tr\/index.php?rest_route=\/wp\/v2\/users\/36"}],"replies":[{"embeddable":true,"href":"https:\/\/archive.sana.sy\/tr\/index.php?rest_route=%2Fwp%2Fv2%2Fcomments&post=322847"}],"version-history":[{"count":2,"href":"https:\/\/archive.sana.sy\/tr\/index.php?rest_route=\/wp\/v2\/posts\/322847\/revisions"}],"predecessor-version":[{"id":322879,"href":"https:\/\/archive.sana.sy\/tr\/index.php?rest_route=\/wp\/v2\/posts\/322847\/revisions\/322879"}],"wp:featuredmedia":[{"embeddable":true,"href":"https:\/\/archive.sana.sy\/tr\/index.php?rest_route=\/wp\/v2\/media\/322848"}],"wp:attachment":[{"href":"https:\/\/archive.sana.sy\/tr\/index.php?rest_route=%2Fwp%2Fv2%2Fmedia&parent=322847"}],"wp:term":[{"taxonomy":"category","embeddable":true,"href":"https:\/\/archive.sana.sy\/tr\/index.php?rest_route=%2Fwp%2Fv2%2Fcategories&post=322847"},{"taxonomy":"post_tag","embeddable":true,"href":"https:\/\/archive.sana.sy\/tr\/index.php?rest_route=%2Fwp%2Fv2%2Ftags&post=322847"}],"curies":[{"name":"wp","href":"https:\/\/api.w.org\/{rel}","templated":true}]}}