{"id":322853,"date":"2025-06-09T23:29:31","date_gmt":"2025-06-09T20:29:31","guid":{"rendered":"https:\/\/sana.sy\/tr\/?p=322853"},"modified":"2025-06-11T17:43:49","modified_gmt":"2025-06-11T14:43:49","slug":"cumhurbaskani-el-sara-kurban-bayrami-dolayisiyla-icisleri-bakani-ve-bircok-bakanlik-yetkilisini-kabul-etti","status":"publish","type":"post","link":"https:\/\/archive.sana.sy\/tr\/?p=322853","title":{"rendered":"Cumhurba\u015fkan\u0131 El \u015eara, Kurban Bayram\u0131 Dolay\u0131s\u0131yla \u0130\u00e7i\u015fleri Bakan\u0131 ve Bir\u00e7ok Bakanl\u0131k Yetkilisini Kabul Etti"},"content":{"rendered":"<p style=\"text-align: justify;\"><strong><span style=\"color: #ff0000;\">\u015eAM (SANA)<\/span> &#8211;<\/strong>\u00a0 Kurban Bayram\u0131 vesilesiyle Cumhurba\u015fkan\u0131 Say\u0131n Ahmed El \u015eara, \u0130\u00e7i\u015fleri Bakan\u0131 Say\u0131n Enes Hattab ve bakanl\u0131k yetkililerinden olu\u015fan bir grubu kabul etti ve bu vesileyle kendisine tebriklerini ilettiler.<\/p>\n<p style=\"text-align: justify;\">Say\u0131n Cumhurba\u015fkan\u0131 ise, onlara ulusal g\u00f6revlerini yerine getirmede s\u00fcrekli ba\u015far\u0131lar diledi.<\/p>\n<div id='gallery-1' class='gallery galleryid-322853 gallery-columns-1 gallery-size-full'><figure class='gallery-item'>\n\t\t\t<div class='gallery-icon landscape'>\n\t\t\t\t<a href='https:\/\/archive.sana.sy\/tr\/wp-content\/uploads\/2025\/06\/photo_1_2025-06-09_21-39-55-copy.jpg'><img loading=\"lazy\" decoding=\"async\" width=\"660\" height=\"440\" src=\"https:\/\/archive.sana.sy\/tr\/wp-content\/uploads\/2025\/06\/photo_1_2025-06-09_21-39-55-copy.jpg\" class=\"attachment-full size-full\" alt=\"\" srcset=\"https:\/\/archive.sana.sy\/tr\/wp-content\/uploads\/2025\/06\/photo_1_2025-06-09_21-39-55-copy.jpg 660w, https:\/\/archive.sana.sy\/tr\/wp-content\/uploads\/2025\/06\/photo_1_2025-06-09_21-39-55-copy-300x200.jpg 300w\" sizes=\"auto, (max-width: 660px) 100vw, 660px\" \/><\/a>\n\t\t\t<\/div><\/figure><figure class='gallery-item'>\n\t\t\t<div class='gallery-icon landscape'>\n\t\t\t\t<a href='https:\/\/archive.sana.sy\/tr\/wp-content\/uploads\/2025\/06\/photo_3_2025-06-09_21-39-55-copy.jpg'><img loading=\"lazy\" decoding=\"async\" width=\"660\" height=\"440\" src=\"https:\/\/archive.sana.sy\/tr\/wp-content\/uploads\/2025\/06\/photo_3_2025-06-09_21-39-55-copy.jpg\" class=\"attachment-full size-full\" alt=\"\" srcset=\"https:\/\/archive.sana.sy\/tr\/wp-content\/uploads\/2025\/06\/photo_3_2025-06-09_21-39-55-copy.jpg 660w, https:\/\/archive.sana.sy\/tr\/wp-content\/uploads\/2025\/06\/photo_3_2025-06-09_21-39-55-copy-300x200.jpg 300w\" sizes=\"auto, (max-width: 660px) 100vw, 660px\" \/><\/a>\n\t\t\t<\/div><\/figure><figure class='gallery-item'>\n\t\t\t<div class='gallery-icon landscape'>\n\t\t\t\t<a href='https:\/\/archive.sana.sy\/tr\/wp-content\/uploads\/2025\/06\/photo_4_2025-06-09_21-39-55-copy.jpg'><img loading=\"lazy\" decoding=\"async\" width=\"660\" height=\"370\" src=\"https:\/\/archive.sana.sy\/tr\/wp-content\/uploads\/2025\/06\/photo_4_2025-06-09_21-39-55-copy.jpg\" class=\"attachment-full size-full\" alt=\"\" srcset=\"https:\/\/archive.sana.sy\/tr\/wp-content\/uploads\/2025\/06\/photo_4_2025-06-09_21-39-55-copy.jpg 660w, https:\/\/archive.sana.sy\/tr\/wp-content\/uploads\/2025\/06\/photo_4_2025-06-09_21-39-55-copy-300x168.jpg 300w\" sizes=\"auto, (max-width: 660px) 100vw, 660px\" \/><\/a>\n\t\t\t<\/div><\/figure><figure class='gallery-item'>\n\t\t\t<div class='gallery-icon landscape'>\n\t\t\t\t<a href='https:\/\/archive.sana.sy\/tr\/wp-content\/uploads\/2025\/06\/photo_6_2025-06-09_21-39-55-copy.jpg'><img loading=\"lazy\" decoding=\"async\" width=\"660\" height=\"440\" src=\"https:\/\/archive.sana.sy\/tr\/wp-content\/uploads\/2025\/06\/photo_6_2025-06-09_21-39-55-copy.jpg\" class=\"attachment-full size-full\" alt=\"\" srcset=\"https:\/\/archive.sana.sy\/tr\/wp-content\/uploads\/2025\/06\/photo_6_2025-06-09_21-39-55-copy.jpg 660w, https:\/\/archive.sana.sy\/tr\/wp-content\/uploads\/2025\/06\/photo_6_2025-06-09_21-39-55-copy-300x200.jpg 300w\" sizes=\"auto, (max-width: 660px) 100vw, 660px\" \/><\/a>\n\t\t\t<\/div><\/figure><figure class='gallery-item'>\n\t\t\t<div class='gallery-icon landscape'>\n\t\t\t\t<a href='https:\/\/archive.sana.sy\/tr\/wp-content\/uploads\/2025\/06\/photo_7_2025-06-09_21-39-55-copy.jpg'><img loading=\"lazy\" decoding=\"async\" width=\"660\" height=\"370\" src=\"https:\/\/archive.sana.sy\/tr\/wp-content\/uploads\/2025\/06\/photo_7_2025-06-09_21-39-55-copy.jpg\" class=\"attachment-full size-full\" alt=\"\" srcset=\"https:\/\/archive.sana.sy\/tr\/wp-content\/uploads\/2025\/06\/photo_7_2025-06-09_21-39-55-copy.jpg 660w, https:\/\/archive.sana.sy\/tr\/wp-content\/uploads\/2025\/06\/photo_7_2025-06-09_21-39-55-copy-300x168.jpg 300w\" sizes=\"auto, (max-width: 660px) 100vw, 660px\" \/><\/a>\n\t\t\t<\/div><\/figure>\n\t\t<\/div>\n\n<p style=\"text-align: justify;\">\n","protected":false},"excerpt":{"rendered":"<p>\u015eAM (SANA) &#8211;\u00a0 Kurban Bayram\u0131 vesilesiyle Cumhurba\u015fkan\u0131 Say\u0131n Ahmed El \u015eara, \u0130\u00e7i\u015fleri Bakan\u0131 Say\u0131n Enes Hattab ve bakanl\u0131k yetkililerinden olu\u015fan bir grubu kabul etti ve bu vesileyle kendisine tebriklerini ilettiler. Say\u0131n Cumhurba\u015fkan\u0131 ise, onlara ulusal g\u00f6revlerini yerine getirmede s\u00fcrekli ba\u015far\u0131lar diledi.<\/p>\n","protected":false},"author":36,"featured_media":322859,"comment_status":"closed","ping_status":"closed","sticky":false,"template":"","format":"standard","meta":{"footnotes":""},"categories":[606,596,589,605,17988],"tags":[],"class_list":["post-322853","post","type-post","status-publish","format-standard","has-post-thumbnail","","category-cumhurbaskani","category-fotografli-raporlar","category-haber-seridi","category-sayin-cumhurbaskani","category-son-haberler"],"_links":{"self":[{"href":"https:\/\/archive.sana.sy\/tr\/index.php?rest_route=\/wp\/v2\/posts\/322853","targetHints":{"allow":["GET"]}}],"collection":[{"href":"https:\/\/archive.sana.sy\/tr\/index.php?rest_route=\/wp\/v2\/posts"}],"about":[{"href":"https:\/\/archive.sana.sy\/tr\/index.php?rest_route=\/wp\/v2\/types\/post"}],"author":[{"embeddable":true,"href":"https:\/\/archive.sana.sy\/tr\/index.php?rest_route=\/wp\/v2\/users\/36"}],"replies":[{"embeddable":true,"href":"https:\/\/archive.sana.sy\/tr\/index.php?rest_route=%2Fwp%2Fv2%2Fcomments&post=322853"}],"version-history":[{"count":1,"href":"https:\/\/archive.sana.sy\/tr\/index.php?rest_route=\/wp\/v2\/posts\/322853\/revisions"}],"predecessor-version":[{"id":322860,"href":"https:\/\/archive.sana.sy\/tr\/index.php?rest_route=\/wp\/v2\/posts\/322853\/revisions\/322860"}],"wp:featuredmedia":[{"embeddable":true,"href":"https:\/\/archive.sana.sy\/tr\/index.php?rest_route=\/wp\/v2\/media\/322859"}],"wp:attachment":[{"href":"https:\/\/archive.sana.sy\/tr\/index.php?rest_route=%2Fwp%2Fv2%2Fmedia&parent=322853"}],"wp:term":[{"taxonomy":"category","embeddable":true,"href":"https:\/\/archive.sana.sy\/tr\/index.php?rest_route=%2Fwp%2Fv2%2Fcategories&post=322853"},{"taxonomy":"post_tag","embeddable":true,"href":"https:\/\/archive.sana.sy\/tr\/index.php?rest_route=%2Fwp%2Fv2%2Ftags&post=322853"}],"curies":[{"name":"wp","href":"https:\/\/api.w.org\/{rel}","templated":true}]}}