{"id":322861,"date":"2025-06-10T12:15:09","date_gmt":"2025-06-10T09:15:09","guid":{"rendered":"https:\/\/sana.sy\/tr\/?p=322861"},"modified":"2025-06-10T15:21:39","modified_gmt":"2025-06-10T12:21:39","slug":"selam-lubnanin-uluslararasi-toplumla-suriyeli-multecilerin-ulkelerine-geri-donmesini-saglamak-icin-calisiyor","status":"publish","type":"post","link":"https:\/\/archive.sana.sy\/tr\/?p=322861","title":{"rendered":"Selam: L\u00fcbnan&#8217;\u0131n Uluslararas\u0131 Toplumla Suriyeli M\u00fcltecilerin \u00dclkelerine Geri D\u00f6nmesini Sa\u011flamak \u0130\u00e7in \u00c7al\u0131\u015f\u0131yor"},"content":{"rendered":"<p style=\"text-align: justify;\"><strong><span style=\"color: #ff0000;\">BEYRUT (SANA)<\/span> &#8211; <\/strong>L\u00fcbnan Ba\u015fbakan\u0131 Nevvaf Selam, L\u00fcbnan&#8217;\u0131n uluslararas\u0131 toplumla e\u015fg\u00fcd\u00fcm i\u00e7inde Suriyeli m\u00fcltecilerin \u00fclkelerine d\u00f6n\u00fc\u015f\u00fcn\u00fc kolayla\u015ft\u0131rmak i\u00e7in \u00e7abalar\u0131n\u0131 s\u00fcrd\u00fcrd\u00fc\u011f\u00fcn\u00fc a\u00e7\u0131klad\u0131.<\/p>\n<p style=\"text-align: justify;\">L\u00fcbnan Ulusal Haber Ajans\u0131, Selam&#8217;\u0131n bug\u00fcn &#8220;L\u00fcbnan&#8217;\u0131n Yeniden \u0130n\u015fas\u0131: Yat\u0131r\u0131m ve \u0130\u015f F\u0131rsatlar\u0131 \u00c7er\u00e7evesi&#8221; konferans\u0131nda yapt\u0131\u011f\u0131 konu\u015fmada, &#8220;Suriyeli m\u00fcltecilerin g\u00fcvenli bir \u015fekilde geri d\u00f6nmesini sa\u011flamak i\u00e7in uluslararas\u0131 toplumla birlikte \u00e7al\u0131\u015f\u0131yoruz&#8221; dedi\u011fini aktard\u0131.<\/p>\n<p style=\"text-align: justify;\">Salam ay\u0131rca, \u0130srail sald\u0131r\u0131lar\u0131n\u0131n altyap\u0131y\u0131 tahrip etti\u011fini ve kararl\u0131 ve sebatkar kalan L\u00fcbnanl\u0131lar\u0131n hayatlar\u0131n\u0131 etkiledi\u011fini, i\u015fletmelerin ve kurumlar\u0131n da \u00e7\u00f6k\u00fc\u015fe ra\u011fmen direndi\u011fini belirtirken, H\u00fck\u00fcmetin ilk g\u00f6revlerinden biri olan devletin yeniden in\u015fa edilmesinin zaman\u0131n\u0131n geldi\u011fini vurgulad\u0131.<\/p>\n","protected":false},"excerpt":{"rendered":"<p>BEYRUT (SANA) &#8211; L\u00fcbnan Ba\u015fbakan\u0131 Nevvaf Selam, L\u00fcbnan&#8217;\u0131n uluslararas\u0131 toplumla e\u015fg\u00fcd\u00fcm i\u00e7inde Suriyeli m\u00fcltecilerin \u00fclkelerine d\u00f6n\u00fc\u015f\u00fcn\u00fc kolayla\u015ft\u0131rmak i\u00e7in \u00e7abalar\u0131n\u0131 s\u00fcrd\u00fcrd\u00fc\u011f\u00fcn\u00fc a\u00e7\u0131klad\u0131. L\u00fcbnan Ulusal Haber Ajans\u0131, Selam&#8217;\u0131n bug\u00fcn &#8220;L\u00fcbnan&#8217;\u0131n Yeniden \u0130n\u015fas\u0131: Yat\u0131r\u0131m ve \u0130\u015f F\u0131rsatlar\u0131 \u00c7er\u00e7evesi&#8221; konferans\u0131nda yapt\u0131\u011f\u0131 konu\u015fmada, &#8220;Suriyeli m\u00fcltecilerin g\u00fcvenli bir \u015fekilde geri d\u00f6nmesini sa\u011flamak i\u00e7in uluslararas\u0131 toplumla birlikte \u00e7al\u0131\u015f\u0131yoruz&#8221; dedi\u011fini aktard\u0131. Salam ay\u0131rca, &hellip;<\/p>\n","protected":false},"author":36,"featured_media":322862,"comment_status":"closed","ping_status":"closed","sticky":false,"template":"","format":"standard","meta":{"footnotes":""},"categories":[458,589,459,17988],"tags":[],"class_list":["post-322861","post","type-post","status-publish","format-standard","has-post-thumbnail","","category-dunya1","category-haber-seridi","category-haberler-arap-uluslararasi-politika","category-son-haberler"],"_links":{"self":[{"href":"https:\/\/archive.sana.sy\/tr\/index.php?rest_route=\/wp\/v2\/posts\/322861","targetHints":{"allow":["GET"]}}],"collection":[{"href":"https:\/\/archive.sana.sy\/tr\/index.php?rest_route=\/wp\/v2\/posts"}],"about":[{"href":"https:\/\/archive.sana.sy\/tr\/index.php?rest_route=\/wp\/v2\/types\/post"}],"author":[{"embeddable":true,"href":"https:\/\/archive.sana.sy\/tr\/index.php?rest_route=\/wp\/v2\/users\/36"}],"replies":[{"embeddable":true,"href":"https:\/\/archive.sana.sy\/tr\/index.php?rest_route=%2Fwp%2Fv2%2Fcomments&post=322861"}],"version-history":[{"count":3,"href":"https:\/\/archive.sana.sy\/tr\/index.php?rest_route=\/wp\/v2\/posts\/322861\/revisions"}],"predecessor-version":[{"id":322870,"href":"https:\/\/archive.sana.sy\/tr\/index.php?rest_route=\/wp\/v2\/posts\/322861\/revisions\/322870"}],"wp:featuredmedia":[{"embeddable":true,"href":"https:\/\/archive.sana.sy\/tr\/index.php?rest_route=\/wp\/v2\/media\/322862"}],"wp:attachment":[{"href":"https:\/\/archive.sana.sy\/tr\/index.php?rest_route=%2Fwp%2Fv2%2Fmedia&parent=322861"}],"wp:term":[{"taxonomy":"category","embeddable":true,"href":"https:\/\/archive.sana.sy\/tr\/index.php?rest_route=%2Fwp%2Fv2%2Fcategories&post=322861"},{"taxonomy":"post_tag","embeddable":true,"href":"https:\/\/archive.sana.sy\/tr\/index.php?rest_route=%2Fwp%2Fv2%2Ftags&post=322861"}],"curies":[{"name":"wp","href":"https:\/\/api.w.org\/{rel}","templated":true}]}}