{"id":322865,"date":"2025-06-10T13:46:34","date_gmt":"2025-06-10T10:46:34","guid":{"rendered":"https:\/\/sana.sy\/tr\/?p=322865"},"modified":"2025-06-11T17:48:56","modified_gmt":"2025-06-11T14:48:56","slug":"sivil-barisi-koruma-yuksek-komitesi-uyesinin-basin-toplantisi","status":"publish","type":"post","link":"https:\/\/archive.sana.sy\/tr\/?p=322865","title":{"rendered":"Sufan: \u0130\u00e7 Bar\u0131\u015f \u00d6nlemlerinin Amac\u0131 Vatanda\u015fl\u0131k Ve Hukuk Devletinin \u00d6n\u00fcn\u00fc A\u00e7makt\u0131r"},"content":{"rendered":"<p style=\"text-align: justify;\"><strong><span style=\"color: #ff0000;\">\u015eAM (SANA)<\/span> &#8211;<\/strong> Sivil Bar\u0131\u015f Komitesi \u00fcyesi Say\u0131n Hassan Sufan, al\u0131nan sivil bar\u0131\u015f \u00f6nlemlerinin do\u011frudan toplumsal gerginlikleri yat\u0131\u015ft\u0131rmak ve vatanda\u015fl\u0131k ve hukuk devleti i\u00e7in sa\u011flam bir temel olu\u015fturmakla ilgili oldu\u011funu a\u00e7\u0131klayarak, Suriye&#8217;nin devrik rejimin su\u00e7lar\u0131 nedeniyle istemeyerek bir yola girdi\u011fini ve Suriyelilerin arad\u0131\u011f\u0131 ge\u00e7i\u015f adaletinin ak\u0131l ve b\u00fcy\u00fck su\u00e7lular\u0131n hesap vermesiyle daha iyi sa\u011flanaca\u011f\u0131n\u0131 belirtti.<\/p>\n<p style=\"text-align: justify;\"><span style=\"color: #0000ff;\"><strong>\u015eam&#8217;daki Enformasyon Bakanl\u0131\u011f\u0131&#8217;nda d\u00fczenledi\u011fi bas\u0131n toplant\u0131s\u0131nda Sufan\u00a0 \u015funlar\u0131 kaydetti:<\/strong><\/span><\/p>\n<ul>\n<li>&#8220;Serbest b\u0131rak\u0131lan subaylar 2021&#8217;den beri &#8220;aktif subaylar&#8221;d\u0131 ve &#8220;Garanti Stat\u00fcs\u00fc&#8221; olarak bilinen ko\u015fullar alt\u0131nda Irak s\u0131n\u0131r\u0131nda ve Suhna b\u00f6lgesinde g\u00f6n\u00fcll\u00fc olarak teslim oldular.<\/li>\n<li style=\"text-align: justify;\">Tutuklular hakk\u0131nda soru\u015fturma yap\u0131ld\u0131 ve kendilerine kar\u015f\u0131 hi\u00e7bir sava\u015f su\u00e7u su\u00e7lamas\u0131 kan\u0131tlanmad\u0131 ve devam eden tutukluluklar\u0131 ulusal \u00e7\u0131karlara hizmet etmiyor ve yasal bir me\u015fruiyeti yoktur.<\/li>\n<li style=\"text-align: justify;\">Bu \u00f6nlemler, halihaz\u0131rda ba\u015flam\u0131\u015f olan ge\u00e7i\u015f adaletinin yerine ge\u00e7miyor. Bu, cumhurba\u015fkanl\u0131\u011f\u0131 kararnamesiyle olu\u015fturulan Ulusal Ge\u00e7i\u015f Adaleti Komitesi&#8217;nin g\u00f6revidir.<\/li>\n<li style=\"text-align: justify;\">Bunu t\u00fcm samimiyetimizle s\u00f6yl\u00fcyoruz: Adalet olmadan vatan olmaz, hakkaniyet olmadan adalet olmaz ve ger\u00e7e\u011fi s\u00f6yleme cesareti olmadan hakkaniyet olmaz. Bundan sonra ne olaca\u011f\u0131 konusunda \u015feffaf olmaya ve ma\u011fdurlara adalet getiren ve failleri sorumlu tutan ger\u00e7ek adalet i\u00e7in \u00e7al\u0131\u015fmaya s\u00f6z veriyoruz.<\/li>\n<li style=\"text-align: justify;\">Mevcut duruma bak\u0131ld\u0131\u011f\u0131nda, iki paralel yolumuz var ve sivil bar\u0131\u015f yolu, bu stratejik tedbirler i\u00e7in sa\u011flam bir zemin sa\u011flamas\u0131 bak\u0131m\u0131ndan \u00f6nceliklidir.<\/li>\n<li style=\"text-align: justify;\">S\u0131ras\u0131n\u0131 bekleyen, at\u0131lmas\u0131 gereken \u00e7ok fazla ad\u0131m var ve bunlar\u0131n her biri zaman\u0131 gelince a\u00e7\u0131klanacak.<\/li>\n<li style=\"text-align: justify;\">Sivil Bar\u0131\u015f Komitesi sokakta konu\u015fulan her \u015feyi takip ediyor ama \u00e7al\u0131\u015fmalar\u0131n\u0131n \u00f6nemli bir k\u0131sm\u0131n\u0131n medyadan uzak tutulmas\u0131 gerekiyor.<\/li>\n<li style=\"text-align: justify;\">Cumhurba\u015fkan\u0131&#8217;ndan talep etti\u011fimiz yetkiler aras\u0131nda, h\u00fck\u00fcm giymemi\u015f tutuklular\u0131n serbest b\u0131rak\u0131lmas\u0131 da dahil olmak \u00fczere tedbir alabilme yetkisinin yan\u0131 s\u0131ra devlet kurumlar\u0131yla etkile\u015fim konular\u0131 da yer al\u0131yor.<\/li>\n<li style=\"text-align: justify;\">Ge\u00e7i\u015f adaleti, rejime hizmet eden herkesin sorumlu tutulmas\u0131 anlam\u0131na gelmez. Hesap verebilirlik, ciddi su\u00e7lar ve ihlaller i\u015fleyen b\u00fcy\u00fck su\u00e7lular i\u00e7indir.<\/li>\n<li style=\"text-align: justify;\">Ge\u00e7i\u015f adaleti s\u00fcrecinin h\u0131zland\u0131r\u0131lmas\u0131 i\u00e7in bask\u0131 yapmak veya bunu tek tarafl\u0131 olarak uygulamak kaosa yol a\u00e7acak ve devletin g\u00f6revlerini yerine getiremedi\u011fi izlenimini verecektir bu de yabanc\u0131 m\u00fcdahaleye kap\u0131 a\u00e7acakt\u0131r.<\/li>\n<li style=\"text-align: justify;\">\u0130ntikam ve misilleme, ge\u00e7i\u015f adaletini sa\u011flamayacak, aksine Suriye halk\u0131na kar\u015f\u0131 katliam yapanlar\u0131n sorumluluklar\u0131ndan ve hesap vermekten ka\u00e7malar\u0131na yol a\u00e7acakt\u0131r.<\/li>\n<\/ul>\n","protected":false},"excerpt":{"rendered":"<p>\u015eAM (SANA) &#8211; Sivil Bar\u0131\u015f Komitesi \u00fcyesi Say\u0131n Hassan Sufan, al\u0131nan sivil bar\u0131\u015f \u00f6nlemlerinin do\u011frudan toplumsal gerginlikleri yat\u0131\u015ft\u0131rmak ve vatanda\u015fl\u0131k ve hukuk devleti i\u00e7in sa\u011flam bir temel olu\u015fturmakla ilgili oldu\u011funu a\u00e7\u0131klayarak, Suriye&#8217;nin devrik rejimin su\u00e7lar\u0131 nedeniyle istemeyerek bir yola girdi\u011fini ve Suriyelilerin arad\u0131\u011f\u0131 ge\u00e7i\u015f adaletinin ak\u0131l ve b\u00fcy\u00fck su\u00e7lular\u0131n hesap vermesiyle daha iyi sa\u011flanaca\u011f\u0131n\u0131 belirtti. &hellip;<\/p>\n","protected":false},"author":36,"featured_media":322887,"comment_status":"closed","ping_status":"closed","sticky":false,"template":"","format":"standard","meta":{"footnotes":""},"categories":[589,479,17988,478],"tags":[],"class_list":["post-322865","post","type-post","status-publish","format-standard","has-post-thumbnail","","category-haber-seridi","category-haberler-yerel","category-son-haberler","category-yerel"],"_links":{"self":[{"href":"https:\/\/archive.sana.sy\/tr\/index.php?rest_route=\/wp\/v2\/posts\/322865","targetHints":{"allow":["GET"]}}],"collection":[{"href":"https:\/\/archive.sana.sy\/tr\/index.php?rest_route=\/wp\/v2\/posts"}],"about":[{"href":"https:\/\/archive.sana.sy\/tr\/index.php?rest_route=\/wp\/v2\/types\/post"}],"author":[{"embeddable":true,"href":"https:\/\/archive.sana.sy\/tr\/index.php?rest_route=\/wp\/v2\/users\/36"}],"replies":[{"embeddable":true,"href":"https:\/\/archive.sana.sy\/tr\/index.php?rest_route=%2Fwp%2Fv2%2Fcomments&post=322865"}],"version-history":[{"count":6,"href":"https:\/\/archive.sana.sy\/tr\/index.php?rest_route=\/wp\/v2\/posts\/322865\/revisions"}],"predecessor-version":[{"id":322890,"href":"https:\/\/archive.sana.sy\/tr\/index.php?rest_route=\/wp\/v2\/posts\/322865\/revisions\/322890"}],"wp:featuredmedia":[{"embeddable":true,"href":"https:\/\/archive.sana.sy\/tr\/index.php?rest_route=\/wp\/v2\/media\/322887"}],"wp:attachment":[{"href":"https:\/\/archive.sana.sy\/tr\/index.php?rest_route=%2Fwp%2Fv2%2Fmedia&parent=322865"}],"wp:term":[{"taxonomy":"category","embeddable":true,"href":"https:\/\/archive.sana.sy\/tr\/index.php?rest_route=%2Fwp%2Fv2%2Fcategories&post=322865"},{"taxonomy":"post_tag","embeddable":true,"href":"https:\/\/archive.sana.sy\/tr\/index.php?rest_route=%2Fwp%2Fv2%2Ftags&post=322865"}],"curies":[{"name":"wp","href":"https:\/\/api.w.org\/{rel}","templated":true}]}}