{"id":322871,"date":"2025-06-10T15:29:41","date_gmt":"2025-06-10T12:29:41","guid":{"rendered":"https:\/\/www.sana.sy\/tr\/?p=322871"},"modified":"2025-06-10T15:29:41","modified_gmt":"2025-06-10T12:29:41","slug":"urdun-krali-ve-lubnan-cumhurbaskani-suriyede-istikrari-koruma-gerekliligini-vurguladi","status":"publish","type":"post","link":"https:\/\/archive.sana.sy\/tr\/?p=322871","title":{"rendered":"\u00dcrd\u00fcn Kral\u0131 ve L\u00fcbnan Cumhurba\u015fkan\u0131 Suriye&#8217;de \u0130stikrar\u0131 Koruma Gereklili\u011fini Vurgulad\u0131"},"content":{"rendered":"<p style=\"text-align: justify;\"><span style=\"color: #ff0000;\"><strong>AMMAN (SANA)<\/strong><\/span> &#8211; \u00dcrd\u00fcn Kral\u0131 II. Abdullah ve L\u00fcbnan Cumhurba\u015fkan\u0131 Joseph Aoun bug\u00fcn Amman&#8217;da yapt\u0131klar\u0131 g\u00f6r\u00fc\u015fmede Suriye&#8217;nin istikrar\u0131n\u0131 ve g\u00fcvenli\u011fini koruma gereklili\u011fini vurgulad\u0131.<\/p>\n<p style=\"text-align: justify;\">\u00dcrd\u00fcn&#8217;\u00fcn Petra Haber Ajans\u0131, Kral Abdullah ve Cumhurba\u015fkan\u0131 Aoun&#8217;un b\u00f6lgedeki en \u00f6nemli geli\u015fmeleri g\u00f6r\u00fc\u015ft\u00fc\u011f\u00fcn\u00fc ve m\u00fcltecilerin g\u00f6n\u00fcll\u00fc ve g\u00fcvenli bir \u015fekilde anavatanlar\u0131na d\u00f6nmelerini kolayla\u015ft\u0131racak olan Suriye&#8217;de g\u00fcvenlik ve istikrar\u0131n sa\u011flanmas\u0131n\u0131n \u00f6nemini vurgulad\u0131\u011f\u0131n\u0131 bildirdi.<\/p>\n","protected":false},"excerpt":{"rendered":"<p>AMMAN (SANA) &#8211; \u00dcrd\u00fcn Kral\u0131 II. Abdullah ve L\u00fcbnan Cumhurba\u015fkan\u0131 Joseph Aoun bug\u00fcn Amman&#8217;da yapt\u0131klar\u0131 g\u00f6r\u00fc\u015fmede Suriye&#8217;nin istikrar\u0131n\u0131 ve g\u00fcvenli\u011fini koruma gereklili\u011fini vurgulad\u0131. \u00dcrd\u00fcn&#8217;\u00fcn Petra Haber Ajans\u0131, Kral Abdullah ve Cumhurba\u015fkan\u0131 Aoun&#8217;un b\u00f6lgedeki en \u00f6nemli geli\u015fmeleri g\u00f6r\u00fc\u015ft\u00fc\u011f\u00fcn\u00fc ve m\u00fcltecilerin g\u00f6n\u00fcll\u00fc ve g\u00fcvenli bir \u015fekilde anavatanlar\u0131na d\u00f6nmelerini kolayla\u015ft\u0131racak olan Suriye&#8217;de g\u00fcvenlik ve istikrar\u0131n sa\u011flanmas\u0131n\u0131n \u00f6nemini vurgulad\u0131\u011f\u0131n\u0131 &hellip;<\/p>\n","protected":false},"author":41,"featured_media":322872,"comment_status":"closed","ping_status":"closed","sticky":false,"template":"","format":"standard","meta":{"footnotes":""},"categories":[458,589,459,17988],"tags":[],"class_list":["post-322871","post","type-post","status-publish","format-standard","has-post-thumbnail","","category-dunya1","category-haber-seridi","category-haberler-arap-uluslararasi-politika","category-son-haberler"],"_links":{"self":[{"href":"https:\/\/archive.sana.sy\/tr\/index.php?rest_route=\/wp\/v2\/posts\/322871","targetHints":{"allow":["GET"]}}],"collection":[{"href":"https:\/\/archive.sana.sy\/tr\/index.php?rest_route=\/wp\/v2\/posts"}],"about":[{"href":"https:\/\/archive.sana.sy\/tr\/index.php?rest_route=\/wp\/v2\/types\/post"}],"author":[{"embeddable":true,"href":"https:\/\/archive.sana.sy\/tr\/index.php?rest_route=\/wp\/v2\/users\/41"}],"replies":[{"embeddable":true,"href":"https:\/\/archive.sana.sy\/tr\/index.php?rest_route=%2Fwp%2Fv2%2Fcomments&post=322871"}],"version-history":[{"count":1,"href":"https:\/\/archive.sana.sy\/tr\/index.php?rest_route=\/wp\/v2\/posts\/322871\/revisions"}],"predecessor-version":[{"id":322873,"href":"https:\/\/archive.sana.sy\/tr\/index.php?rest_route=\/wp\/v2\/posts\/322871\/revisions\/322873"}],"wp:featuredmedia":[{"embeddable":true,"href":"https:\/\/archive.sana.sy\/tr\/index.php?rest_route=\/wp\/v2\/media\/322872"}],"wp:attachment":[{"href":"https:\/\/archive.sana.sy\/tr\/index.php?rest_route=%2Fwp%2Fv2%2Fmedia&parent=322871"}],"wp:term":[{"taxonomy":"category","embeddable":true,"href":"https:\/\/archive.sana.sy\/tr\/index.php?rest_route=%2Fwp%2Fv2%2Fcategories&post=322871"},{"taxonomy":"post_tag","embeddable":true,"href":"https:\/\/archive.sana.sy\/tr\/index.php?rest_route=%2Fwp%2Fv2%2Ftags&post=322871"}],"curies":[{"name":"wp","href":"https:\/\/api.w.org\/{rel}","templated":true}]}}