{"id":322876,"date":"2025-06-10T08:54:56","date_gmt":"2025-06-10T05:54:56","guid":{"rendered":"https:\/\/sana.sy\/tr\/?p=322876"},"modified":"2025-06-10T15:56:31","modified_gmt":"2025-06-10T12:56:31","slug":"suriye-erkek-milli-futbol-takimi-yarin-asya-kupasi-elemelerinde-afganistan-ile-karsilasacak","status":"publish","type":"post","link":"https:\/\/archive.sana.sy\/tr\/?p=322876","title":{"rendered":"Suriye Erkek Milli Futbol Tak\u0131m\u0131 Yar\u0131n Asya Kupas\u0131 Elemelerinde Afganistan Ile Kar\u015f\u0131la\u015facak"},"content":{"rendered":"<p style=\"text-align: justify;\"><span style=\"color: #ff0000;\"><strong>\u015eAM (SANA)<\/strong><\/span> &#8211; Suriye erkek milli futbol tak\u0131m\u0131 yar\u0131n 2027 Asya Kupas\u0131 elemelerinin ikinci turunda Suudi Arabistan&#8217;\u0131n El Ahsa kentindeki Prens Abdullah bin Celavi Stadyumu&#8217;nda Afganistan ile kar\u015f\u0131la\u015facak.<\/p>\n<p style=\"text-align: justify;\">Suriye teknik direkt\u00f6r\u00fc Jose Llana, ma\u00e7 i\u00e7in bug\u00fcn d\u00fczenledi\u011fi bas\u0131n toplant\u0131s\u0131nda, tak\u0131m\u0131m\u0131z\u0131n ma\u00e7a haz\u0131r oldu\u011funu do\u011frulayarak, hedefimizin elemelerin 5. Grubunda galip gelmek ve liderli\u011fimizi korumak oldu\u011funu belirtti.<\/p>\n<p style=\"text-align: justify;\">Milli tak\u0131m oyuncumuz Ahmed Faka ise ma\u00e7\u0131n \u00f6nemini ve oyuncular\u0131n \u00fc\u00e7 puan\u0131 garantileme iste\u011fini vurgulad\u0131.<\/p>\n<p style=\"text-align: justify;\">Suriye tak\u0131m\u0131 beyaz giyecekken, Afganistan k\u0131rm\u0131z\u0131 formayla oynayacak.<\/p>\n","protected":false},"excerpt":{"rendered":"<p>\u015eAM (SANA) &#8211; Suriye erkek milli futbol tak\u0131m\u0131 yar\u0131n 2027 Asya Kupas\u0131 elemelerinin ikinci turunda Suudi Arabistan&#8217;\u0131n El Ahsa kentindeki Prens Abdullah bin Celavi Stadyumu&#8217;nda Afganistan ile kar\u015f\u0131la\u015facak. Suriye teknik direkt\u00f6r\u00fc Jose Llana, ma\u00e7 i\u00e7in bug\u00fcn d\u00fczenledi\u011fi bas\u0131n toplant\u0131s\u0131nda, tak\u0131m\u0131m\u0131z\u0131n ma\u00e7a haz\u0131r oldu\u011funu do\u011frulayarak, hedefimizin elemelerin 5. Grubunda galip gelmek ve liderli\u011fimizi korumak oldu\u011funu belirtti. &hellip;<\/p>\n","protected":false},"author":41,"featured_media":322878,"comment_status":"closed","ping_status":"closed","sticky":false,"template":"","format":"standard","meta":{"footnotes":""},"categories":[498,589,17988,496],"tags":[],"class_list":["post-322876","post","type-post","status-publish","format-standard","has-post-thumbnail","","category-dunya-turnuvalari","category-haber-seridi","category-son-haberler","category-spor"],"_links":{"self":[{"href":"https:\/\/archive.sana.sy\/tr\/index.php?rest_route=\/wp\/v2\/posts\/322876","targetHints":{"allow":["GET"]}}],"collection":[{"href":"https:\/\/archive.sana.sy\/tr\/index.php?rest_route=\/wp\/v2\/posts"}],"about":[{"href":"https:\/\/archive.sana.sy\/tr\/index.php?rest_route=\/wp\/v2\/types\/post"}],"author":[{"embeddable":true,"href":"https:\/\/archive.sana.sy\/tr\/index.php?rest_route=\/wp\/v2\/users\/41"}],"replies":[{"embeddable":true,"href":"https:\/\/archive.sana.sy\/tr\/index.php?rest_route=%2Fwp%2Fv2%2Fcomments&post=322876"}],"version-history":[{"count":1,"href":"https:\/\/archive.sana.sy\/tr\/index.php?rest_route=\/wp\/v2\/posts\/322876\/revisions"}],"predecessor-version":[{"id":322877,"href":"https:\/\/archive.sana.sy\/tr\/index.php?rest_route=\/wp\/v2\/posts\/322876\/revisions\/322877"}],"wp:featuredmedia":[{"embeddable":true,"href":"https:\/\/archive.sana.sy\/tr\/index.php?rest_route=\/wp\/v2\/media\/322878"}],"wp:attachment":[{"href":"https:\/\/archive.sana.sy\/tr\/index.php?rest_route=%2Fwp%2Fv2%2Fmedia&parent=322876"}],"wp:term":[{"taxonomy":"category","embeddable":true,"href":"https:\/\/archive.sana.sy\/tr\/index.php?rest_route=%2Fwp%2Fv2%2Fcategories&post=322876"},{"taxonomy":"post_tag","embeddable":true,"href":"https:\/\/archive.sana.sy\/tr\/index.php?rest_route=%2Fwp%2Fv2%2Ftags&post=322876"}],"curies":[{"name":"wp","href":"https:\/\/api.w.org\/{rel}","templated":true}]}}