{"id":322880,"date":"2025-06-10T16:40:56","date_gmt":"2025-06-10T13:40:56","guid":{"rendered":"https:\/\/sana.sy\/tr\/?p=322880"},"modified":"2025-06-10T16:45:31","modified_gmt":"2025-06-10T13:45:31","slug":"egitim-bakanligi-ve-unicef-kamu-sinavlarina-hazirlik-konusunda-gorustu","status":"publish","type":"post","link":"https:\/\/archive.sana.sy\/tr\/?p=322880","title":{"rendered":"E\u011fitim Bakanl\u0131\u011f\u0131 Ve UNICEF Genel S\u0131navlar\u0131na Haz\u0131rl\u0131k Konusunda G\u00f6r\u00fc\u015ft\u00fc"},"content":{"rendered":"<p style=\"text-align: justify;\"><span style=\"color: #ff0000;\"><strong>\u015eAM (SANA)<\/strong> <\/span>&#8211;\u00a0 E\u011fitim Bakan Yard\u0131mc\u0131s\u0131 Yusuf Annan bug\u00fcn UNICEF Suriye Temsilci Yard\u0131mc\u0131s\u0131 Zeyneb Adam ve beraberindeki heyetle bakanl\u0131\u011f\u0131n genel sertifika s\u0131navlar\u0131na haz\u0131rl\u0131klar\u0131 ve gerekli malzeme ve ihtiya\u00e7lar\u0131n sa\u011flanmas\u0131n\u0131 g\u00f6r\u00fc\u015ft\u00fc.<\/p>\n<p style=\"text-align: justify;\">\u015eam&#8217;daki bakanl\u0131kta d\u00fczenlenen toplant\u0131da Annan, genel s\u0131nav s\u00fcrecinin ba\u015far\u0131s\u0131n\u0131 sa\u011flamak i\u00e7in mevcut a\u015famada \u00f6nceliklerin belirlenmesinin \u00f6nemini vurgulayarak, ortak hedeflere ula\u015fmak i\u00e7in E\u011fitim Bakanl\u0131\u011f\u0131 ve UNICEF aras\u0131ndaki i\u015f birli\u011finin g\u00fc\u00e7lendirilmesi umudunu dile getirdi.<\/p>\n<p style=\"text-align: justify;\">Annan ayr\u0131ca, bakanl\u0131\u011f\u0131n \u00f6\u011frencilerin s\u0131navlara adil ve sorunsuz bir \u015fekilde girme hakk\u0131n\u0131 sa\u011flamak i\u00e7in t\u00fcm temel ko\u015fullar\u0131 sa\u011flamaya \u00f6ncelik verdi\u011fini belirtti.<\/p>\n<p style=\"text-align: justify;\">Adam ise UNICEF&#8217;in Suriye&#8217;deki e\u011fitim s\u00fcrecini desteklemeye kararl\u0131 oldu\u011funu ve gerekli malzemelerin ve teknik ve lojistik deste\u011fin sa\u011flanmas\u0131n\u0131 garanti eden kapsaml\u0131 bir plan uygulamak i\u00e7in E\u011fitim Bakanl\u0131\u011f\u0131 ile birlikte \u00e7al\u0131\u015faca\u011f\u0131n\u0131 a\u00e7\u0131klad\u0131.<\/p>\n","protected":false},"excerpt":{"rendered":"<p>\u015eAM (SANA) &#8211;\u00a0 E\u011fitim Bakan Yard\u0131mc\u0131s\u0131 Yusuf Annan bug\u00fcn UNICEF Suriye Temsilci Yard\u0131mc\u0131s\u0131 Zeyneb Adam ve beraberindeki heyetle bakanl\u0131\u011f\u0131n genel sertifika s\u0131navlar\u0131na haz\u0131rl\u0131klar\u0131 ve gerekli malzeme ve ihtiya\u00e7lar\u0131n sa\u011flanmas\u0131n\u0131 g\u00f6r\u00fc\u015ft\u00fc. \u015eam&#8217;daki bakanl\u0131kta d\u00fczenlenen toplant\u0131da Annan, genel s\u0131nav s\u00fcrecinin ba\u015far\u0131s\u0131n\u0131 sa\u011flamak i\u00e7in mevcut a\u015famada \u00f6nceliklerin belirlenmesinin \u00f6nemini vurgulayarak, ortak hedeflere ula\u015fmak i\u00e7in E\u011fitim Bakanl\u0131\u011f\u0131 ve UNICEF &hellip;<\/p>\n","protected":false},"author":41,"featured_media":322882,"comment_status":"closed","ping_status":"closed","sticky":false,"template":"","format":"standard","meta":{"footnotes":""},"categories":[458,589,459,17988],"tags":[],"class_list":["post-322880","post","type-post","status-publish","format-standard","has-post-thumbnail","","category-dunya1","category-haber-seridi","category-haberler-arap-uluslararasi-politika","category-son-haberler"],"_links":{"self":[{"href":"https:\/\/archive.sana.sy\/tr\/index.php?rest_route=\/wp\/v2\/posts\/322880","targetHints":{"allow":["GET"]}}],"collection":[{"href":"https:\/\/archive.sana.sy\/tr\/index.php?rest_route=\/wp\/v2\/posts"}],"about":[{"href":"https:\/\/archive.sana.sy\/tr\/index.php?rest_route=\/wp\/v2\/types\/post"}],"author":[{"embeddable":true,"href":"https:\/\/archive.sana.sy\/tr\/index.php?rest_route=\/wp\/v2\/users\/41"}],"replies":[{"embeddable":true,"href":"https:\/\/archive.sana.sy\/tr\/index.php?rest_route=%2Fwp%2Fv2%2Fcomments&post=322880"}],"version-history":[{"count":4,"href":"https:\/\/archive.sana.sy\/tr\/index.php?rest_route=\/wp\/v2\/posts\/322880\/revisions"}],"predecessor-version":[{"id":322886,"href":"https:\/\/archive.sana.sy\/tr\/index.php?rest_route=\/wp\/v2\/posts\/322880\/revisions\/322886"}],"wp:featuredmedia":[{"embeddable":true,"href":"https:\/\/archive.sana.sy\/tr\/index.php?rest_route=\/wp\/v2\/media\/322882"}],"wp:attachment":[{"href":"https:\/\/archive.sana.sy\/tr\/index.php?rest_route=%2Fwp%2Fv2%2Fmedia&parent=322880"}],"wp:term":[{"taxonomy":"category","embeddable":true,"href":"https:\/\/archive.sana.sy\/tr\/index.php?rest_route=%2Fwp%2Fv2%2Fcategories&post=322880"},{"taxonomy":"post_tag","embeddable":true,"href":"https:\/\/archive.sana.sy\/tr\/index.php?rest_route=%2Fwp%2Fv2%2Ftags&post=322880"}],"curies":[{"name":"wp","href":"https:\/\/api.w.org\/{rel}","templated":true}]}}