{"id":322891,"date":"2025-06-10T18:02:24","date_gmt":"2025-06-10T15:02:24","guid":{"rendered":"https:\/\/sana.sy\/tr\/?p=322891"},"modified":"2025-06-10T18:02:24","modified_gmt":"2025-06-10T15:02:24","slug":"ulastirma-ve-demiryollari-alaninda-suriye-turkiye-isbirliginin-yollari-gorusuldu","status":"publish","type":"post","link":"https:\/\/archive.sana.sy\/tr\/?p=322891","title":{"rendered":"Ula\u015ft\u0131rma Ve Demiryollar\u0131 Alan\u0131nda Suriye-T\u00fcrkiye \u0130\u015fbirli\u011finin Yollar\u0131 G\u00f6r\u00fc\u015f\u00fcld\u00fc"},"content":{"rendered":"<p style=\"text-align: justify;\"><span style=\"color: #ff0000;\"><strong>HALEP (SANA)<\/strong> <\/span>\u2013 \u00a0Genel Demiryollar\u0131 Te\u015fkilat\u0131 Genel M\u00fcd\u00fcr\u00fc Usama Haddad ve Halep&#8217;teki T\u00fcrk Konsolosu Hakan Cengiz, Suriye ile T\u00fcrkiye aras\u0131nda ula\u015f\u0131m ve demiryollar\u0131 alan\u0131nda i\u015f birli\u011fini art\u0131rman\u0131n yollar\u0131n\u0131 g\u00f6r\u00fc\u015ft\u00fcler.<\/p>\n<p style=\"text-align: justify;\"><img loading=\"lazy\" decoding=\"async\" class=\"size-full wp-image-322892 alignright\" src=\"http:\/\/sana.sy\/tr\/wp-content\/uploads\/2025\/06\/photo_1_2025-06-10_17-50-14-copy-300x175-1.jpg\" alt=\"\" width=\"300\" height=\"175\" \/>Te\u015fkilat\u0131n genel merkezinde d\u00fczenlenen toplant\u0131da, demiryollar\u0131 alan\u0131nda uzmanl\u0131k ve modern teknoloji al\u0131\u015fveri\u015fi mekanizmalar\u0131 ele al\u0131nd\u0131.<\/p>\n<p style=\"text-align: justify;\">Haddad, g\u00f6r\u00fc\u015fmede bu ad\u0131m\u0131n, ticaret ve b\u00f6lgesel i\u015f birli\u011fi projelerinde y\u0131llard\u0131r ya\u015fanan gerilemenin ard\u0131ndan Suriye ile T\u00fcrkiye aras\u0131ndaki ekonomik ili\u015fkileri iyile\u015ftirmeye y\u00f6nelik kar\u015f\u0131l\u0131kl\u0131 \u00e7abalar kapsam\u0131nda at\u0131ld\u0131\u011f\u0131n\u0131 a\u00e7\u0131klarken,\u00a0 Suriye&#8217;deki sava\u015ftan en \u00e7ok etkilenen sekt\u00f6rlerden birinin demiryollar\u0131 a\u011flar\u0131 oldu\u011funu, \u00e7\u00fcnk\u00fc kapsaml\u0131 altyap\u0131n\u0131n yok edildi\u011fini veya kapat\u0131ld\u0131\u011f\u0131n\u0131 belirtti.<\/p>\n<p style=\"text-align: justify;\">T\u00fcrk taraf\u0131 ise Suriye&#8217;nin demiryollar\u0131 a\u011f\u0131n\u0131 rehabilite etme ve geli\u015ftirme, ula\u015f\u0131m verimlili\u011fini art\u0131rma ve ulusal ekonominin ilerlemesine katk\u0131da bulunma \u00e7abalar\u0131n\u0131 desteklemeye haz\u0131r oldu\u011funu vurgulad\u0131.<\/p>\n","protected":false},"excerpt":{"rendered":"<p>HALEP (SANA) \u2013 \u00a0Genel Demiryollar\u0131 Te\u015fkilat\u0131 Genel M\u00fcd\u00fcr\u00fc Usama Haddad ve Halep&#8217;teki T\u00fcrk Konsolosu Hakan Cengiz, Suriye ile T\u00fcrkiye aras\u0131nda ula\u015f\u0131m ve demiryollar\u0131 alan\u0131nda i\u015f birli\u011fini art\u0131rman\u0131n yollar\u0131n\u0131 g\u00f6r\u00fc\u015ft\u00fcler. Te\u015fkilat\u0131n genel merkezinde d\u00fczenlenen toplant\u0131da, demiryollar\u0131 alan\u0131nda uzmanl\u0131k ve modern teknoloji al\u0131\u015fveri\u015fi mekanizmalar\u0131 ele al\u0131nd\u0131. Haddad, g\u00f6r\u00fc\u015fmede bu ad\u0131m\u0131n, ticaret ve b\u00f6lgesel i\u015f birli\u011fi projelerinde y\u0131llard\u0131r &hellip;<\/p>\n","protected":false},"author":41,"featured_media":322894,"comment_status":"closed","ping_status":"closed","sticky":false,"template":"","format":"standard","meta":{"footnotes":""},"categories":[589,17988,2554,2555],"tags":[],"class_list":["post-322891","post","type-post","status-publish","format-standard","has-post-thumbnail","","category-haber-seridi","category-son-haberler","category-suriye-ve-dunya","category-suriye-ve-turkiye"],"_links":{"self":[{"href":"https:\/\/archive.sana.sy\/tr\/index.php?rest_route=\/wp\/v2\/posts\/322891","targetHints":{"allow":["GET"]}}],"collection":[{"href":"https:\/\/archive.sana.sy\/tr\/index.php?rest_route=\/wp\/v2\/posts"}],"about":[{"href":"https:\/\/archive.sana.sy\/tr\/index.php?rest_route=\/wp\/v2\/types\/post"}],"author":[{"embeddable":true,"href":"https:\/\/archive.sana.sy\/tr\/index.php?rest_route=\/wp\/v2\/users\/41"}],"replies":[{"embeddable":true,"href":"https:\/\/archive.sana.sy\/tr\/index.php?rest_route=%2Fwp%2Fv2%2Fcomments&post=322891"}],"version-history":[{"count":1,"href":"https:\/\/archive.sana.sy\/tr\/index.php?rest_route=\/wp\/v2\/posts\/322891\/revisions"}],"predecessor-version":[{"id":322895,"href":"https:\/\/archive.sana.sy\/tr\/index.php?rest_route=\/wp\/v2\/posts\/322891\/revisions\/322895"}],"wp:featuredmedia":[{"embeddable":true,"href":"https:\/\/archive.sana.sy\/tr\/index.php?rest_route=\/wp\/v2\/media\/322894"}],"wp:attachment":[{"href":"https:\/\/archive.sana.sy\/tr\/index.php?rest_route=%2Fwp%2Fv2%2Fmedia&parent=322891"}],"wp:term":[{"taxonomy":"category","embeddable":true,"href":"https:\/\/archive.sana.sy\/tr\/index.php?rest_route=%2Fwp%2Fv2%2Fcategories&post=322891"},{"taxonomy":"post_tag","embeddable":true,"href":"https:\/\/archive.sana.sy\/tr\/index.php?rest_route=%2Fwp%2Fv2%2Ftags&post=322891"}],"curies":[{"name":"wp","href":"https:\/\/api.w.org\/{rel}","templated":true}]}}