{"id":322897,"date":"2025-06-11T09:51:13","date_gmt":"2025-06-11T06:51:13","guid":{"rendered":"https:\/\/sana.sy\/tr\/?p=322897"},"modified":"2025-06-12T09:23:11","modified_gmt":"2025-06-12T06:23:11","slug":"disisleri-bakani-fransiz-mevkidasiyla-bir-araya-gelerek-son-gelismeleri-gorustu","status":"publish","type":"post","link":"https:\/\/archive.sana.sy\/tr\/?p=322897","title":{"rendered":"D\u0131\u015fi\u015fleri Bakan\u0131 Frans\u0131z Mevkida\u015f\u0131yla Bir Araya Gelerek Son Geli\u015fmeleri G\u00f6r\u00fc\u015ft\u00fc"},"content":{"rendered":"<p style=\"text-align: justify;\"><strong><span style=\"color: #ff0000;\">\u015eAM (SANA)<\/span> &#8211;<\/strong> D\u0131\u015fi\u015fleri ve G\u00f6\u00e7menler Bakan\u0131 Say\u0131n Asaad El \u015eeybani, Nice&#8217;te d\u00fczenlenen BM Okyanus Konferans\u0131&#8217;n\u0131n marjinda Fransa D\u0131\u015fi\u015fleri Bakan\u0131 Say\u0131n Jean-No\u00ebl Barrot ile ikili bir g\u00f6r\u00fc\u015fme ger\u00e7ekle\u015ftirdi.<\/p>\n<p style=\"text-align: justify;\">D\u0131\u015fi\u015fleri ve Gurbet\u00e7iler Bakanl\u0131\u011f\u0131 Telegram kanal\u0131 arac\u0131l\u0131\u011f\u0131yla \u015funlar\u0131 belirtti: &#8221;Toplant\u0131da her iki taraf\u0131n da ilgisini \u00e7eken birka\u00e7 stratejik konu ele al\u0131nd\u0131. G\u00f6r\u00fc\u015fmelerde Suriye&#8217;deki siyasi, ekonomik ve g\u00fcvenlik d\u00fczeylerindeki g\u00fcncel geli\u015fmeler ele al\u0131nd\u0131 ve t\u00fcm bu alanlardaki devam eden ba\u015far\u0131lar vurgulan\u0131rken, Suriye Demokratik G\u00fc\u00e7leri gibi i\u00e7 akt\u00f6rlerin ve \u0130srail gibi d\u0131\u015f akt\u00f6rlerin Suriye&#8217;nin istikrar\u0131 konusunda ortaya koydu\u011fu zorluklar da vurguland\u0131.&#8221;<\/p>\n<p style=\"text-align: justify;\">Fransa D\u0131\u015fi\u015fleri Bakan\u0131, siyasi s\u00fcrecin h\u0131z\u0131 ve zamanlamas\u0131 ile Suriye&#8217;nin Birle\u015fmi\u015f Milletler gibi \u00e7ok tarafl\u0131 \u00f6rg\u00fctlerle i\u015f birli\u011fine olan ba\u011fl\u0131l\u0131\u011f\u0131n\u0131n devam etmesini takdir etti.<\/p>\n<p style=\"text-align: justify;\">Bakan El \u015eeybani ise, Suriye&#8217;ye uygulanan yapt\u0131r\u0131mlar\u0131n kald\u0131r\u0131lmas\u0131 ve hassas konularda, \u00f6zellikle Esad rejiminden miras kalan kimyasal silahlar sorunuyla ilgili konularda ticaret f\u0131rsatlar\u0131 ve stratejik ortakl\u0131klar ke\u015ffetmedeki rol\u00fc i\u00e7in Fransa&#8217;ya minnettarl\u0131\u011f\u0131n\u0131 dile getirdi.<\/p>\n<p style=\"text-align: justify;\">\u0130ki bakan, yak\u0131n temas\u0131n s\u00fcrd\u00fcr\u00fclmesi gerekti\u011fi konusunda anla\u015ft\u0131 ve Frans\u0131z bakan, Suriye D\u0131\u015fi\u015fleri Bakan\u0131&#8217;n\u0131n iki devletli \u00e7\u00f6z\u00fcm\u00fc g\u00f6r\u00fc\u015fmek \u00fczere New York&#8217;a planl\u0131 ziyaretini memnuniyetle kar\u015f\u0131lad\u0131.<\/p>\n<p style=\"text-align: justify;\">Bakanl\u0131\u011f\u0131n da belirtti\u011fi gibi, bu toplant\u0131, ortak zorluklarla y\u00fczle\u015fmek ve b\u00f6lgede istikrar ve kalk\u0131nma sa\u011flamak i\u00e7in yap\u0131c\u0131 diyalog ve ikili i\u015f birli\u011finin s\u00fcrd\u00fcr\u00fclmesinin \u00f6nemini vurguluyor.<\/p>\n<div id='gallery-1' class='gallery galleryid-322897 gallery-columns-1 gallery-size-full'><figure class='gallery-item'>\n\t\t\t<div class='gallery-icon landscape'>\n\t\t\t\t<a href='https:\/\/archive.sana.sy\/tr\/wp-content\/uploads\/2025\/06\/photo_2_2025-06-10_19-13-01-copy.jpg'><img loading=\"lazy\" decoding=\"async\" width=\"660\" height=\"371\" src=\"https:\/\/archive.sana.sy\/tr\/wp-content\/uploads\/2025\/06\/photo_2_2025-06-10_19-13-01-copy.jpg\" class=\"attachment-full size-full\" alt=\"\" srcset=\"https:\/\/archive.sana.sy\/tr\/wp-content\/uploads\/2025\/06\/photo_2_2025-06-10_19-13-01-copy.jpg 660w, https:\/\/archive.sana.sy\/tr\/wp-content\/uploads\/2025\/06\/photo_2_2025-06-10_19-13-01-copy-300x169.jpg 300w\" sizes=\"auto, (max-width: 660px) 100vw, 660px\" \/><\/a>\n\t\t\t<\/div><\/figure><figure class='gallery-item'>\n\t\t\t<div class='gallery-icon landscape'>\n\t\t\t\t<a href='https:\/\/archive.sana.sy\/tr\/wp-content\/uploads\/2025\/06\/photo_3_2025-06-10_19-13-01-copy.jpg'><img loading=\"lazy\" decoding=\"async\" width=\"660\" height=\"370\" src=\"https:\/\/archive.sana.sy\/tr\/wp-content\/uploads\/2025\/06\/photo_3_2025-06-10_19-13-01-copy.jpg\" class=\"attachment-full size-full\" alt=\"\" srcset=\"https:\/\/archive.sana.sy\/tr\/wp-content\/uploads\/2025\/06\/photo_3_2025-06-10_19-13-01-copy.jpg 660w, https:\/\/archive.sana.sy\/tr\/wp-content\/uploads\/2025\/06\/photo_3_2025-06-10_19-13-01-copy-300x168.jpg 300w\" sizes=\"auto, (max-width: 660px) 100vw, 660px\" \/><\/a>\n\t\t\t<\/div><\/figure>\n\t\t<\/div>\n\n","protected":false},"excerpt":{"rendered":"<p>\u015eAM (SANA) &#8211; D\u0131\u015fi\u015fleri ve G\u00f6\u00e7menler Bakan\u0131 Say\u0131n Asaad El \u015eeybani, Nice&#8217;te d\u00fczenlenen BM Okyanus Konferans\u0131&#8217;n\u0131n marjinda Fransa D\u0131\u015fi\u015fleri Bakan\u0131 Say\u0131n Jean-No\u00ebl Barrot ile ikili bir g\u00f6r\u00fc\u015fme ger\u00e7ekle\u015ftirdi. D\u0131\u015fi\u015fleri ve Gurbet\u00e7iler Bakanl\u0131\u011f\u0131 Telegram kanal\u0131 arac\u0131l\u0131\u011f\u0131yla \u015funlar\u0131 belirtti: &#8221;Toplant\u0131da her iki taraf\u0131n da ilgisini \u00e7eken birka\u00e7 stratejik konu ele al\u0131nd\u0131. G\u00f6r\u00fc\u015fmelerde Suriye&#8217;deki siyasi, ekonomik ve g\u00fcvenlik &hellip;<\/p>\n","protected":false},"author":39,"featured_media":322898,"comment_status":"closed","ping_status":"closed","sticky":false,"template":"","format":"standard","meta":{"footnotes":""},"categories":[479,17988,478],"tags":[],"class_list":["post-322897","post","type-post","status-publish","format-standard","has-post-thumbnail","","category-haberler-yerel","category-son-haberler","category-yerel"],"_links":{"self":[{"href":"https:\/\/archive.sana.sy\/tr\/index.php?rest_route=\/wp\/v2\/posts\/322897","targetHints":{"allow":["GET"]}}],"collection":[{"href":"https:\/\/archive.sana.sy\/tr\/index.php?rest_route=\/wp\/v2\/posts"}],"about":[{"href":"https:\/\/archive.sana.sy\/tr\/index.php?rest_route=\/wp\/v2\/types\/post"}],"author":[{"embeddable":true,"href":"https:\/\/archive.sana.sy\/tr\/index.php?rest_route=\/wp\/v2\/users\/39"}],"replies":[{"embeddable":true,"href":"https:\/\/archive.sana.sy\/tr\/index.php?rest_route=%2Fwp%2Fv2%2Fcomments&post=322897"}],"version-history":[{"count":4,"href":"https:\/\/archive.sana.sy\/tr\/index.php?rest_route=\/wp\/v2\/posts\/322897\/revisions"}],"predecessor-version":[{"id":322961,"href":"https:\/\/archive.sana.sy\/tr\/index.php?rest_route=\/wp\/v2\/posts\/322897\/revisions\/322961"}],"wp:featuredmedia":[{"embeddable":true,"href":"https:\/\/archive.sana.sy\/tr\/index.php?rest_route=\/wp\/v2\/media\/322898"}],"wp:attachment":[{"href":"https:\/\/archive.sana.sy\/tr\/index.php?rest_route=%2Fwp%2Fv2%2Fmedia&parent=322897"}],"wp:term":[{"taxonomy":"category","embeddable":true,"href":"https:\/\/archive.sana.sy\/tr\/index.php?rest_route=%2Fwp%2Fv2%2Fcategories&post=322897"},{"taxonomy":"post_tag","embeddable":true,"href":"https:\/\/archive.sana.sy\/tr\/index.php?rest_route=%2Fwp%2Fv2%2Ftags&post=322897"}],"curies":[{"name":"wp","href":"https:\/\/api.w.org\/{rel}","templated":true}]}}