{"id":322903,"date":"2025-06-11T09:58:09","date_gmt":"2025-06-11T06:58:09","guid":{"rendered":"https:\/\/sana.sy\/tr\/?p=322903"},"modified":"2025-06-11T15:33:49","modified_gmt":"2025-06-11T12:33:49","slug":"katar-suriyenin-uzlasi-ve-hukuk-devleti-insasi-yonunde-attigi-olumlu-adimlardan-duydugu-memnuniyeti-yineledi","status":"publish","type":"post","link":"https:\/\/archive.sana.sy\/tr\/?p=322903","title":{"rendered":"Katar, Suriye&#8217;nin Uzla\u015f\u0131 ve Hukuk Devleti \u0130n\u015fas\u0131 Y\u00f6n\u00fcnde Att\u0131\u011f\u0131 Olumlu Ad\u0131mlardan Duydu\u011fu Memnuniyeti Yineledi"},"content":{"rendered":"<p style=\"text-align: justify;\"><strong><span style=\"color: #ff0000;\">MADR\u0130D (SANA) <\/span>\u2013<\/strong> Katar D\u0131\u015fi\u015fleri Bakan\u0131&#8217;n\u0131n \u00d6zel Temsilcisi B\u00fcy\u00fckel\u00e7i Faysal bin Abdullah El Hanzab, \u00fclkesinin Suriye&#8217;nin ulusal uzla\u015f\u0131 ve hukukun \u00fcst\u00fcnl\u00fc\u011f\u00fc ile kurumlar\u0131n g\u00fc\u00e7lendirilmesi y\u00f6n\u00fcnde att\u0131\u011f\u0131 olumlu ad\u0131mlar\u0131 memnuniyetle kar\u015f\u0131lad\u0131\u011f\u0131n\u0131 yineledi.<\/p>\n<p style=\"text-align: justify;\">Katar Haber Ajans\u0131&#8217;n\u0131n (QNA) aktard\u0131\u011f\u0131na g\u00f6re, Katar B\u00fcy\u00fckel\u00e7isi, \u0130spanya&#8217;n\u0131n Madrid kentinde d\u00fczenlenen I\u015e\u0130D&#8217;i Yenmek \u0130\u00e7in K\u00fcresel Koalisyon Siyasi Direkt\u00f6rleri Toplant\u0131s\u0131&#8217;nda yapt\u0131\u011f\u0131 konu\u015fmada, Suriye&#8217;ye y\u00f6nelik yapt\u0131r\u0131mlar\u0131n kald\u0131r\u0131lmas\u0131n\u0131n, \u00fclkede istikrar ve refah\u0131 destekleme yolunda \u00f6nemli bir ad\u0131m oldu\u011funu belirtti.<\/p>\n<p style=\"text-align: justify;\">Katar D\u0131\u015fi\u015fleri Bakanl\u0131\u011f\u0131 \u00d6zel Temsilcisi, Suriye&#8217;nin birli\u011fine, egemenli\u011fine ve toprak b\u00fct\u00fcnl\u00fc\u011f\u00fcne sayg\u0131 g\u00f6sterilmesi \u00e7a\u011fr\u0131s\u0131nda bulunarak, bu egemenli\u011fi zedeleyecek her t\u00fcrl\u00fc askeri eylemin, ter\u00f6rist gruplarla m\u00fccadeleden daha az tehlikeli olmad\u0131\u011f\u0131n\u0131 kaydetti.<\/p>\n<p style=\"text-align: justify;\">B\u00fcy\u00fckel\u00e7i Faysal bin Abdullah El Hanzab ayr\u0131ca, Katar Devleti&#8217;nin uluslararas\u0131 koalisyonun misyon ve hedeflerine olan sars\u0131lmaz ba\u011fl\u0131l\u0131\u011f\u0131n\u0131 yineledi. Ayr\u0131ca, DEA\u015e&#8217;la m\u00fccadele i\u00e7in, \u00f6zellikle karde\u015f Suriye Arap Cumhuriyeti ve karde\u015f Irak Cumhuriyeti&#8217;nde gerekli t\u00fcm kaynaklar\u0131n seferber edilmesine y\u00f6nelik t\u00fcm \u00e7abalara verdi\u011fi deste\u011fi de teyit etti.<\/p>\n","protected":false},"excerpt":{"rendered":"<p>MADR\u0130D (SANA) \u2013 Katar D\u0131\u015fi\u015fleri Bakan\u0131&#8217;n\u0131n \u00d6zel Temsilcisi B\u00fcy\u00fckel\u00e7i Faysal bin Abdullah El Hanzab, \u00fclkesinin Suriye&#8217;nin ulusal uzla\u015f\u0131 ve hukukun \u00fcst\u00fcnl\u00fc\u011f\u00fc ile kurumlar\u0131n g\u00fc\u00e7lendirilmesi y\u00f6n\u00fcnde att\u0131\u011f\u0131 olumlu ad\u0131mlar\u0131 memnuniyetle kar\u015f\u0131lad\u0131\u011f\u0131n\u0131 yineledi. Katar Haber Ajans\u0131&#8217;n\u0131n (QNA) aktard\u0131\u011f\u0131na g\u00f6re, Katar B\u00fcy\u00fckel\u00e7isi, \u0130spanya&#8217;n\u0131n Madrid kentinde d\u00fczenlenen I\u015e\u0130D&#8217;i Yenmek \u0130\u00e7in K\u00fcresel Koalisyon Siyasi Direkt\u00f6rleri Toplant\u0131s\u0131&#8217;nda yapt\u0131\u011f\u0131 konu\u015fmada, Suriye&#8217;ye y\u00f6nelik &hellip;<\/p>\n","protected":false},"author":39,"featured_media":322904,"comment_status":"closed","ping_status":"closed","sticky":false,"template":"","format":"standard","meta":{"footnotes":""},"categories":[458,589,459,17988],"tags":[],"class_list":["post-322903","post","type-post","status-publish","format-standard","has-post-thumbnail","","category-dunya1","category-haber-seridi","category-haberler-arap-uluslararasi-politika","category-son-haberler"],"_links":{"self":[{"href":"https:\/\/archive.sana.sy\/tr\/index.php?rest_route=\/wp\/v2\/posts\/322903","targetHints":{"allow":["GET"]}}],"collection":[{"href":"https:\/\/archive.sana.sy\/tr\/index.php?rest_route=\/wp\/v2\/posts"}],"about":[{"href":"https:\/\/archive.sana.sy\/tr\/index.php?rest_route=\/wp\/v2\/types\/post"}],"author":[{"embeddable":true,"href":"https:\/\/archive.sana.sy\/tr\/index.php?rest_route=\/wp\/v2\/users\/39"}],"replies":[{"embeddable":true,"href":"https:\/\/archive.sana.sy\/tr\/index.php?rest_route=%2Fwp%2Fv2%2Fcomments&post=322903"}],"version-history":[{"count":2,"href":"https:\/\/archive.sana.sy\/tr\/index.php?rest_route=\/wp\/v2\/posts\/322903\/revisions"}],"predecessor-version":[{"id":322970,"href":"https:\/\/archive.sana.sy\/tr\/index.php?rest_route=\/wp\/v2\/posts\/322903\/revisions\/322970"}],"wp:featuredmedia":[{"embeddable":true,"href":"https:\/\/archive.sana.sy\/tr\/index.php?rest_route=\/wp\/v2\/media\/322904"}],"wp:attachment":[{"href":"https:\/\/archive.sana.sy\/tr\/index.php?rest_route=%2Fwp%2Fv2%2Fmedia&parent=322903"}],"wp:term":[{"taxonomy":"category","embeddable":true,"href":"https:\/\/archive.sana.sy\/tr\/index.php?rest_route=%2Fwp%2Fv2%2Fcategories&post=322903"},{"taxonomy":"post_tag","embeddable":true,"href":"https:\/\/archive.sana.sy\/tr\/index.php?rest_route=%2Fwp%2Fv2%2Ftags&post=322903"}],"curies":[{"name":"wp","href":"https:\/\/api.w.org\/{rel}","templated":true}]}}