{"id":322906,"date":"2025-06-11T10:01:29","date_gmt":"2025-06-11T07:01:29","guid":{"rendered":"https:\/\/sana.sy\/tr\/?p=322906"},"modified":"2025-06-11T10:01:29","modified_gmt":"2025-06-11T07:01:29","slug":"buyukelci-barak-cumhurbaskani-el-sara-suriyenin-yeniden-insasinda-onemli-bir-figurdur","status":"publish","type":"post","link":"https:\/\/archive.sana.sy\/tr\/?p=322906","title":{"rendered":"B\u00fcy\u00fckel\u00e7i Barak: Cumhurba\u015fkan\u0131 El \u015eara Suriye&#8217;nin Yeniden \u0130n\u015fas\u0131nda \u00d6nemli Bir Fig\u00fcrd\u00fcr"},"content":{"rendered":"<p style=\"text-align: justify;\"><strong>VA<\/strong><strong>\u015e\u0130NGTON (SANA)<\/strong> &#8211; ABD&#8217;nin Suriye \u00d6zel Temsilcisi B\u00fcy\u00fckel\u00e7i Thomas Barak, Cumhurba\u015fkan\u0131 \u00a0Ahmed El \u015eara&#8217;y\u0131 &#8220;Suriye&#8217;nin yeniden in\u015fas\u0131nda \u00f6nemli bir fig\u00fcr&#8221; olarak tan\u0131mlad\u0131.<\/p>\n<p style=\"text-align: justify;\">Bug\u00fcn Al-Monitor&#8217;a yapt\u0131\u011f\u0131 a\u00e7\u0131klamada Barak, Ba\u015fkan El \u015eara&#8217;n\u0131n kapsay\u0131c\u0131 bir h\u00fck\u00fcmet kurma \u00e7abalar\u0131n\u0131 ve Bat\u0131&#8217;ya ula\u015fma \u00e7abalar\u0131n\u0131 \u00f6vd\u00fc ve Suriye h\u00fck\u00fcmetinin Suriye&#8217;deki durumu elinden geldi\u011fince y\u00f6netti\u011fini vurgulad\u0131.<\/p>\n<p style=\"text-align: justify;\">Barak ayr\u0131ca, Ba\u015fkan Trump&#8217;\u0131n ge\u00e7en ay Suriye&#8217;ye y\u00f6nelik yapt\u0131r\u0131mlar\u0131 kald\u0131rma karar\u0131n\u0131 &#8220;dahice&#8221; olarak nitelendirerek, y\u00f6netiminin ko\u015fullar koymad\u0131\u011f\u0131n\u0131, emirler koymad\u0131\u011f\u0131n\u0131 veya devletler kurmad\u0131\u011f\u0131n\u0131 ve \u015feffafl\u0131k bekledi\u011fini vurgulad\u0131.<\/p>\n<p style=\"text-align: justify;\">Barak, Va\u015fington&#8217;\u0131n amac\u0131n\u0131n Suriye&#8217;nin ekonomik toparlanmas\u0131n\u0131n \u00f6n\u00fcndeki engelleri kald\u0131rmak ve K\u00f6rfez \u00fclkeleri, T\u00fcrkiye ve Suriyelilerin somut ilerleme kaydetmesini sa\u011flamak oldu\u011funu belirtti.<\/p>\n<p style=\"text-align: justify;\">Barak, ABD y\u00f6netiminin Kongre Sezar Yasas\u0131&#8217;n\u0131 tamamen y\u00fcr\u00fcrl\u00fckten kald\u0131rana kadar Suriye&#8217;ye y\u00f6nelik yapt\u0131r\u0131m muafiyetini uzatmay\u0131 planlad\u0131\u011f\u0131n\u0131 kaydetti. Al-Monitor ayr\u0131ca Ba\u015fkan Trump&#8217;\u0131n bu hafta Suriye&#8217;ye 1979&#8217;dan beri uygulanan yapt\u0131r\u0131mlar\u0131 iptal eden bir y\u00fcr\u00fctme emri imzalamas\u0131n\u0131 bekliyor.<\/p>\n<p style=\"text-align: justify;\">ABD el\u00e7isi \u00fclkesinin &#8220;alan\u0131 umutla doldurmak i\u00e7in&#8221; yapt\u0131klar\u0131n\u0131 &#8220;\u00e7\u00fcnk\u00fc tek bir damla umut bile k\u00f6t\u00fc ger\u00e7eklik rezervuar\u0131ndan daha g\u00fc\u00e7l\u00fc olabilir&#8221; \u015feklinde de de\u011ferlendirdi.<\/p>\n","protected":false},"excerpt":{"rendered":"<p>VA\u015e\u0130NGTON (SANA) &#8211; ABD&#8217;nin Suriye \u00d6zel Temsilcisi B\u00fcy\u00fckel\u00e7i Thomas Barak, Cumhurba\u015fkan\u0131 \u00a0Ahmed El \u015eara&#8217;y\u0131 &#8220;Suriye&#8217;nin yeniden in\u015fas\u0131nda \u00f6nemli bir fig\u00fcr&#8221; olarak tan\u0131mlad\u0131. Bug\u00fcn Al-Monitor&#8217;a yapt\u0131\u011f\u0131 a\u00e7\u0131klamada Barak, Ba\u015fkan El \u015eara&#8217;n\u0131n kapsay\u0131c\u0131 bir h\u00fck\u00fcmet kurma \u00e7abalar\u0131n\u0131 ve Bat\u0131&#8217;ya ula\u015fma \u00e7abalar\u0131n\u0131 \u00f6vd\u00fc ve Suriye h\u00fck\u00fcmetinin Suriye&#8217;deki durumu elinden geldi\u011fince y\u00f6netti\u011fini vurgulad\u0131. Barak ayr\u0131ca, Ba\u015fkan Trump&#8217;\u0131n ge\u00e7en ay &hellip;<\/p>\n","protected":false},"author":39,"featured_media":322907,"comment_status":"closed","ping_status":"closed","sticky":false,"template":"","format":"standard","meta":{"footnotes":""},"categories":[458,589,459,17988],"tags":[],"class_list":["post-322906","post","type-post","status-publish","format-standard","has-post-thumbnail","","category-dunya1","category-haber-seridi","category-haberler-arap-uluslararasi-politika","category-son-haberler"],"_links":{"self":[{"href":"https:\/\/archive.sana.sy\/tr\/index.php?rest_route=\/wp\/v2\/posts\/322906","targetHints":{"allow":["GET"]}}],"collection":[{"href":"https:\/\/archive.sana.sy\/tr\/index.php?rest_route=\/wp\/v2\/posts"}],"about":[{"href":"https:\/\/archive.sana.sy\/tr\/index.php?rest_route=\/wp\/v2\/types\/post"}],"author":[{"embeddable":true,"href":"https:\/\/archive.sana.sy\/tr\/index.php?rest_route=\/wp\/v2\/users\/39"}],"replies":[{"embeddable":true,"href":"https:\/\/archive.sana.sy\/tr\/index.php?rest_route=%2Fwp%2Fv2%2Fcomments&post=322906"}],"version-history":[{"count":1,"href":"https:\/\/archive.sana.sy\/tr\/index.php?rest_route=\/wp\/v2\/posts\/322906\/revisions"}],"predecessor-version":[{"id":322908,"href":"https:\/\/archive.sana.sy\/tr\/index.php?rest_route=\/wp\/v2\/posts\/322906\/revisions\/322908"}],"wp:featuredmedia":[{"embeddable":true,"href":"https:\/\/archive.sana.sy\/tr\/index.php?rest_route=\/wp\/v2\/media\/322907"}],"wp:attachment":[{"href":"https:\/\/archive.sana.sy\/tr\/index.php?rest_route=%2Fwp%2Fv2%2Fmedia&parent=322906"}],"wp:term":[{"taxonomy":"category","embeddable":true,"href":"https:\/\/archive.sana.sy\/tr\/index.php?rest_route=%2Fwp%2Fv2%2Fcategories&post=322906"},{"taxonomy":"post_tag","embeddable":true,"href":"https:\/\/archive.sana.sy\/tr\/index.php?rest_route=%2Fwp%2Fv2%2Ftags&post=322906"}],"curies":[{"name":"wp","href":"https:\/\/api.w.org\/{rel}","templated":true}]}}